{"id":8425,"date":"2021-11-24T09:14:03","date_gmt":"2021-11-24T08:14:03","guid":{"rendered":"https:\/\/www.idoc.eu\/blog\/?p=8425"},"modified":"2022-03-10T14:47:58","modified_gmt":"2022-03-10T13:47:58","slug":"black-friday-die-schattenseite","status":"publish","type":"post","link":"https:\/\/www.idoc.eu\/blog\/black-friday-die-schattenseite\/","title":{"rendered":"Black Friday &#8211; Die Schattenseiten der Schn\u00e4ppchenjagd"},"content":{"rendered":"\n<h2><strong>Was ist der Black Friday?&nbsp;<\/strong><\/h2>\n\n\n\n<p>In den USA bezeichnet der Black Friday den Freitag nach dem staatlichen Feiertag Thanksgiving. Seit den fr\u00fchen F\u00fcnfzigern nutzen viele Amerikaner diesen Tag als Br\u00fcckentag, an dem sie beginnen, ihre Weihnachtseink\u00e4ufe zu erledigen. <\/p>\n\n\n\n<p>Die H\u00e4ndler witterten schon damals das gro\u00dfe Gesch\u00e4ft und versuchen seitdem mit Rabattaktionen die vielen kauffreudigen Kunden  f\u00fcr sich zu gewinnen. Die Menschenmassen in den Einkaufsstra\u00dfen haben wohl auch zur Entstehung des Begriffs Black Friday beigetragen. So besagt eine Theorie, dass Polizisten aus Philadelphia 1966 die Menschen nur noch als eine <strong>schwarze<\/strong> Masse wahrnahmen, und dem Tag folglich diesen Namen verpassten.&nbsp; <\/p>\n\n\n\n<p>Anfang der 2000er hielt der Black Friday auch in Deutschland Einzug und wird seitdem als offizieller Marketingbegriff verwendet. 2010 kam dann noch der Cyber-Monday dazu, der den Start des Weihnachtsverkaufs in Online-Shops kennzeichnet.<\/p>\n\n\n\n<p><strong>\u00dcbrigens<\/strong>: Der Black Friday sollte nicht mit dem Black Thursday bzw. dem Schwarzen Freitag verwechselt werden, der sich auf den bis heute gr\u00f6\u00dften B\u00f6rsencrash im Oktober 1929 bezieht. Der Crash, der an einem Donnerstag an der New Yorker B\u00f6rse stattfand, l\u00f6ste eine weltweite Wirtschaftskrise aus. Durch die Zeitverschiebung, waren die Auswirkungen in Europa dann erst am Freitag sp\u00fcrbar &#8211; am besagten schwarzen Freitag.<\/p>\n\n\n\n<figure class=\"wp-block-image\"><img alt=\"\"\/><\/figure>\n\n\n\n<h2><strong>Kritik am Black Friday<\/strong><\/h2>\n\n\n\n<p>Sale hier, Rabatt da. F\u00fcr viele l\u00e4sst der Black Friday das Herz h\u00f6her schlagen, schlie\u00dflich kann man g\u00fcnstig einkaufen  und beim j\u00e4hrlichen Weihnachtseinkauf ordentlich Geld sparen. Schaut man jedoch genauer hin, hat der von vielen so gehypte Tag auch einige Schattenseiten&#8230;<\/p>\n\n\n\n<h2><strong>Die Tricks der H\u00e4ndler<\/strong><\/h2>\n\n\n\n<p>Um die Kunden in ihre Gesch\u00e4fte zu locken, wenden die H\u00e4ndler am Black Friday h\u00e4ufig Tricks an. So beziehen viele Hersteller ihre Rabatte z. B. auf die wesentlich h\u00f6her angesetzte <a href=\"https:\/\/www.verbraucherzentrale.nrw\/pressemeldungen\/presse-nrw\/black-friday-und-cyber-monday-woche-warnung-vor-tricks-und-gefahren-9597\" target=\"_blank\" rel=\"noreferrer noopener nofollow\" class=\"external\">UVP<\/a> (Unverbindliche Preisempfehlung) anstatt auf den Preis, den sie tats\u00e4chlich kassieren. Rabatte wirken dadurch deutlich h\u00f6her, als sie in Wirklichkeit sind. Im Durchschnitt bleibt der Preis bei den meisten Produkten trotz Reduzierung aber gleich, wie u. a. eine Untersuchung des <a href=\"https:\/\/www.netzsieger.de\/ratgeber\/black-friday-2017\" target=\"_blank\" rel=\"noreferrer noopener nofollow\" class=\"external\">Vergleichsportals Netzsieger<\/a> zeigt. <\/p>\n\n\n\n<p>Besonders dreist: Bei manchen Produkten wird der Preis sogar kurz vor dem Black Friday angehoben, um dann mit \u201cgro\u00dfz\u00fcgigen\u201d Rabatten dem Kunden den vorherigen Normalpreis anbieten zu k\u00f6nnen. In jedem Fall, lohnt es sich also genau hinzuschauen und Preise vor einem Kauf zu vergleichen.&nbsp;<\/p>\n\n\n\n<p>Ein weiterer Trick der bei H\u00e4ndlern besonders am Black Friday beliebt ist, ist es, den Kunden unter Zeitdruck zu setzen. Mit Angaben wie \u201cDas Angebot ist nur noch 12 Stunden verf\u00fcgbar\u201d oder \u201cNur noch 14 St\u00fcck auf Lager\u201d werden Kunden eher zu einem Kauf verleitet, weil dies die vermeintlich letzte Chance ist, die sie auf keinen Fall verpassen d\u00fcrfen.<\/p>\n\n\n\n<h2><strong>F\u00f6rderung von unn\u00f6tigem Konsum<\/strong><\/h2>\n\n\n\n<p>Von Jahr zu Jahr kann am Black Friday und Cyber Monday ein weiterer <a href=\"https:\/\/de.statista.com\/statistik\/daten\/studie\/1076963\/umfrage\/ausgaben-an-black-friday-und-cyber-monday-in-deutschland\/\" target=\"_blank\" rel=\"noreferrer noopener nofollow\" class=\"external\">Anstieg des Konsums<\/a> beobachtet werden &#8211; noch bevor das j\u00e4hrliche Weihnachtsgesch\u00e4ft seinen H\u00f6hepunkt erreicht. Durch die Ausdehnung des Black Fridays auf das Black Weekend oder sogar die sogenannten Black Weeks wird der die konsumstarke Phase nochmal ausgeweitet. Was den H\u00e4ndlern Ums\u00e4tze in Rekordh\u00f6he beschert.<br><br>Die Rabattaktionen erf\u00fcllen also ihren Zweck: Die Kunden kaufen, und zwar VIEL. Es wird das Bed\u00fcrfnis nach einem Produkt erzeugt, dass vorher gar nicht da war. Un\u00fcberlegte Spontank\u00e4ufe sind dabei h\u00e4ufig die Folge. Die Frage, die sich viele im Rabattrausch nicht stellen, ist: Brauche ich das wirklich? Nat\u00fcrlich gibt es auch Leute, die den Black Friday nutzen, um gezielt ein lang ersehntes Produkt g\u00fcnstiger kaufen zu k\u00f6nnen. In der Realit\u00e4t gehen aber die wenigsten Kunden tats\u00e4chlich nur mit dem Artikel nach Hause, den sie urspr\u00fcnglich wollten. <\/p>\n\n\n\n<p>Gerade elektronische Ger\u00e4te werden am Black Friday stark beworben. Ob Smartphone, Laptop oder Playstation: Bei reduzierten Preise schlagen die Kunden h\u00e4ufig zu.  Das alte Ger\u00e4t, was in der Regel noch gut funktioniert, wandert dann h\u00e4ufig in den Keller oder wird unsachgem\u00e4\u00df entsorgt. Hinsichtlich immer gr\u00f6\u00dfer werdender Berge an Elektroschrott ist das eigentlich ein Unding! Der <a href=\"https:\/\/www.idoc.eu\/blog\/dein-beitrag-zu-mehr-nachhaltigkeit\/\">nachhaltige Umgang mit elektronischen Ger\u00e4ten<\/a> wird am Black Friday also nicht unbedingt gef\u00f6rdert&#8230;&nbsp;<\/p>\n\n\n\n<h2><strong>Ausbeutung von Mensch und Umwelt<\/strong><\/h2>\n\n\n\n<p>Die negativen Folgen, die unser Konsumverhalten auf die Umwelt, aber auch auf andere Menschen hat, sind enorm. So steigern massenhafte Online-Bestellungen nicht nur die Menge an Verpackungsm\u00fcll, sondern vergr\u00f6\u00dfern auch unseren CO<sup>2<\/sup>-Abdruck durch den Versand. Hinzu kommt dann noch der <a href=\"http:\/\/www.retourenforschung.de\/info-retourentacho2019-ausgewertet.html\" target=\"_blank\" rel=\"noreferrer noopener nofollow\" class=\"external\">viel zu h\u00e4ufige R\u00fcckversand <\/a>von un\u00fcberlegten Fehlk\u00e4ufen. Auch wenn gekaufte Produkte ungenutzt in der Ecke liegen, ist das ein Paradebeispiel von Ressourcenverschwendung, das wir uns in der heutigen Zeit eigentlich nicht mehr leisten wollen sollten.<\/p>\n\n\n\n<p>Auch Menschen, die in Einzelhandel und Logistik arbeiten, kommen in den Tagen an und um Black Friday h\u00e4ufig an ihre Grenzen. Unbezahlte \u00dcberstunden sind keine Seltenheit. So stand z. B. der Versandriese Amazon, der j\u00e4hrlich einen Milliarden hohen Umsatz macht,&nbsp;schon h\u00e4ufig in der <a href=\"https:\/\/www.finanzen.net\/nachricht\/aktien\/amazon-skandal-ausbeutung-ueberwachung-und-angst-so-schlimm-sind-die-arbeitsumstaende-bei-amazon-10533552\" target=\"_blank\" rel=\"noreferrer noopener nofollow\" class=\"external\">Kritik f\u00fcr schlechte Arbeitsbedingungen<\/a>. Dennoch scheint f\u00fcr viele die schnelle Befriedigung der oft k\u00fcnstlich erzeugten Kaufbed\u00fcrfnisse immer noch wichtiger zu sein, als ethisch und \u00f6kologisch verantwortungsvoller Einkauf. Dabei haben wir es als Konsumenten mit unserem Verhalten und Geld in der Hand, wen wir mit unserem Kauf unterst\u00fctzen wollen.&nbsp;<\/p>\n\n\n\n<h2><strong>Konsum macht NICHT gl\u00fccklich<\/strong><\/h2>\n\n\n\n<p>Es wurde bereits wissenschaftlich nachgewiesen, dass das Belohnungszentrum in unserem Gehirn auf Rabatte reagiert. Macht man ein Schn\u00e4ppchen, l\u00f6st das also ein kurzzeitiges <a href=\"https:\/\/www.scinexx.de\/businessnews\/schnaeppchen-gesichtet-und-schon-tanzen-die-endorphine\/\" target=\"_blank\" rel=\"noreferrer noopener nofollow\" class=\"external\">Hochgef\u00fchl<\/a> aus. Kein Wunder also, dass Shopping f\u00fcr viele zum spa\u00dfigen Zeitvertreib geworden ist, mit dem man sich einen kleinen Endorphin-Schub holen kann. <\/p>\n\n\n\n<p>Dass dieser nicht lange h\u00e4lt, ist allerdings auch kein Geheimnis mehr. Der Anf\u00e4ngliche Freudentaumel \u00fcber ein ergattertes Schn\u00e4ppchen kann sogar schnell ins Negative umschlagen, wie eine <a href=\"https:\/\/wayback.archive-it.org\/9650\/20200401054715\/http:\/\/p3-raw.greenpeace.org\/international\/Global\/international\/publications\/detox\/2017\/After-the-Binge-the-Hangover.pdf\">Greenpeace-Studie<\/a> zeigt. Schuldgef\u00fchle und innere Leere werden dann oft durch weiteren Konsum kompensiert &#8211; ein Teufelskreis. Vielleicht sollten wir uns deshalb \u00f6fter vor Augen f\u00fchren, dass Konsum nicht gl\u00fccklich macht. Und dass es den meisten Unternehmen eben nicht darum geht, dass WIR viel Geld sparen, sondern dass SIE ihre Ums\u00e4tze steigern. <\/p>\n\n\n\n<p><\/p>\n\n\n\n<h2><strong>Alternative Wege<\/strong><\/h2>\n\n\n\n<p>Sind wir uns \u00fcber die Schattenseiten des Black Friday im Klaren, k\u00f6nnen wir viel bewusster handeln und zielgerichteter einkaufen. Dasselbe gilt nat\u00fcrlich auch f\u00fcr den Cyber Monday, die Vorweihnachtszeit und Shopping generell.&nbsp;Erste Gegenbewegungen sind z. B. der <a href=\"https:\/\/www.wuv.de\/marketing\/ebay_kleinanzeigen_ruft_den_green_sunday_aus\" target=\"_blank\" rel=\"noreferrer noopener nofollow\" class=\"external\">Green Sunday<\/a> oder <a href=\"https:\/\/www.e-commerce-magazin.de\/buyback-friday-so-setzt-ikea-ein-zeichen-fuer-bedachteren-konsum\/\" target=\"_blank\" rel=\"noreferrer noopener nofollow\" class=\"external\">Buyback Friday<\/a>.<\/p>\n\n\n\n<p>Hier noch ein paar Anregungen, f\u00fcr ein nachhaltigeres Weihnachtsshopping:&nbsp;<\/p>\n\n\n\n<ul><li>Beschr\u00e4nke dich auf ein Geschenk pro Person, und mache dir rechtzeitig Gedanken, was du wem schenken willst.<br>In einem anderen Blogartikel von uns haben wir dir ein paar<a href=\"https:\/\/www.idoc.eu\/blog\/8-geschenkideen-zu-weihnachten\/\" target=\"_blank\" rel=\"noreferrer noopener\"> Geschenkideen f\u00fcr Hobby-Bastler <\/a>zusammengestellt.&nbsp;<\/li><li>Schenke statt materiellen lieber immaterielle Dinge, wie einen gemeinsamen Ausflug, einen Theaterbesuch etc.<br>So verbringst du nicht nur Zeit mit deinen Liebsten, sondern hast danach auch noch eine sch\u00f6ne Erinnerung.<\/li><li>Mache deine eigenen Geschenke. DIY-Kerzen, Kekse oder eine sch\u00f6ne selbst gestaltete Weihnachtskarte sind viel individueller und pers\u00f6nlicher als ein gekaufter Gegenstand. So kannst du deine Wertsch\u00e4tzung durch die investierte Zeit zeigen.<\/li><\/ul>\n","protected":false},"excerpt":{"rendered":"<p>Am 26. November ist wieder Black Friday. Viele k\u00f6nnen die j\u00e4hrliche Schn\u00e4ppchenjagd vor Weihnachten kaum erwarten. Dabei hat der Black Friday auch einige Schattenseiten, auf die wir in diesem Beitrag genauer eingehen wollen.<\/p>\n","protected":false},"author":24,"featured_media":8426,"comment_status":"open","ping_status":"open","sticky":false,"template":"","format":"standard","meta":[],"categories":[15,825],"tags":[],"acf":[],"yoast_head":"<!-- This site is optimized with the Yoast SEO plugin v19.8 - https:\/\/yoast.com\/wordpress\/plugins\/seo\/ -->\n<title>Black Friday - Die Schattenseiten der Schn\u00e4ppchenjagd - iDoc<\/title>\n<meta name=\"description\" content=\"Am 26. November ist wieder Black Friday. Viele freuen sich auf die Schn\u00e4ppchenjagd. Dabei hat der Black Friday auch einige Schattenseiten.\" \/>\n<meta name=\"robots\" content=\"index, follow, max-snippet:-1, max-image-preview:large, max-video-preview:-1\" \/>\n<link rel=\"canonical\" href=\"https:\/\/www.idoc.eu\/blog\/black-friday-die-schattenseite\/\" \/>\n<meta property=\"og:locale\" content=\"de_DE\" \/>\n<meta property=\"og:type\" content=\"article\" \/>\n<meta property=\"og:title\" content=\"Black Friday - Die Schattenseiten der Schn\u00e4ppchenjagd - iDoc\" \/>\n<meta property=\"og:description\" content=\"Am 26. November ist wieder Black Friday. Viele freuen sich auf die Schn\u00e4ppchenjagd. Dabei hat der Black Friday auch einige Schattenseiten.\" \/>\n<meta property=\"og:url\" content=\"https:\/\/www.idoc.eu\/blog\/black-friday-die-schattenseite\/\" \/>\n<meta property=\"og:site_name\" content=\"Blog\" \/>\n<meta property=\"article:publisher\" content=\"https:\/\/www.facebook.com\/iDocEurope\" \/>\n<meta property=\"article:published_time\" content=\"2021-11-24T08:14:03+00:00\" \/>\n<meta property=\"article:modified_time\" content=\"2022-03-10T13:47:58+00:00\" \/>\n<meta property=\"og:image\" content=\"https:\/\/www.idoc.eu\/blog\/wp-content\/uploads\/2021\/11\/Blogartikel-Titelbild-Black_Friday.jpg\" \/>\n\t<meta property=\"og:image:width\" content=\"2200\" \/>\n\t<meta property=\"og:image:height\" content=\"1380\" \/>\n\t<meta property=\"og:image:type\" content=\"image\/jpeg\" \/>\n<meta name=\"author\" content=\"Annika\" \/>\n<meta name=\"twitter:label1\" content=\"Verfasst von\" \/>\n\t<meta name=\"twitter:data1\" content=\"Annika\" \/>\n\t<meta name=\"twitter:label2\" content=\"Gesch\u00e4tzte Lesezeit\" \/>\n\t<meta name=\"twitter:data2\" content=\"7\u00a0Minuten\" \/>\n<script type=\"application\/ld+json\" class=\"yoast-schema-graph\">{\"@context\":\"https:\/\/schema.org\",\"@graph\":[{\"@type\":\"WebPage\",\"@id\":\"https:\/\/www.idoc.eu\/blog\/black-friday-die-schattenseite\/\",\"url\":\"https:\/\/www.idoc.eu\/blog\/black-friday-die-schattenseite\/\",\"name\":\"Black Friday - Die Schattenseiten der Schn\u00e4ppchenjagd - iDoc\",\"isPartOf\":{\"@id\":\"https:\/\/www.idoc.eu\/blog\/#website\"},\"datePublished\":\"2021-11-24T08:14:03+00:00\",\"dateModified\":\"2022-03-10T13:47:58+00:00\",\"author\":{\"@id\":\"https:\/\/www.idoc.eu\/blog\/#\/schema\/person\/7d14e822bd9e7a5e5fe4fdae66744ad2\"},\"description\":\"Am 26. November ist wieder Black Friday. Viele freuen sich auf die Schn\u00e4ppchenjagd. Dabei hat der Black Friday auch einige Schattenseiten.\",\"breadcrumb\":{\"@id\":\"https:\/\/www.idoc.eu\/blog\/black-friday-die-schattenseite\/#breadcrumb\"},\"inLanguage\":\"de\",\"potentialAction\":[{\"@type\":\"ReadAction\",\"target\":[\"https:\/\/www.idoc.eu\/blog\/black-friday-die-schattenseite\/\"]}]},{\"@type\":\"BreadcrumbList\",\"@id\":\"https:\/\/www.idoc.eu\/blog\/black-friday-die-schattenseite\/#breadcrumb\",\"itemListElement\":[{\"@type\":\"ListItem\",\"position\":1,\"name\":\"Home\",\"item\":\"https:\/\/www.idoc.eu\/blog\/\"},{\"@type\":\"ListItem\",\"position\":2,\"name\":\"Black Friday &#8211; Die Schattenseiten der Schn\u00e4ppchenjagd\"}]},{\"@type\":\"WebSite\",\"@id\":\"https:\/\/www.idoc.eu\/blog\/#website\",\"url\":\"https:\/\/www.idoc.eu\/blog\/\",\"name\":\"Blog\",\"description\":\"Finde Empfehlungen rund um deine Smartphone-Reparatur: von der richtigen Werkzeugauswahl, \u00fcber Tipps und Tricks f\u00fcr einen erfolgreichen Abschluss bis hin zu Reviews einzelner Smartphone-Reparaturen. Erhalte auch Software-Tipps, um dein Smartphone noch optimaler nutzen zu k\u00f6nnen.\",\"potentialAction\":[{\"@type\":\"SearchAction\",\"target\":{\"@type\":\"EntryPoint\",\"urlTemplate\":\"https:\/\/www.idoc.eu\/blog\/?s={search_term_string}\"},\"query-input\":\"required name=search_term_string\"}],\"inLanguage\":\"de\"},{\"@type\":\"Person\",\"@id\":\"https:\/\/www.idoc.eu\/blog\/#\/schema\/person\/7d14e822bd9e7a5e5fe4fdae66744ad2\",\"name\":\"Annika\",\"image\":{\"@type\":\"ImageObject\",\"inLanguage\":\"de\",\"@id\":\"https:\/\/www.idoc.eu\/blog\/#\/schema\/person\/image\/\",\"url\":\"https:\/\/secure.gravatar.com\/avatar\/4c2c3fc4a853c4b55798a14031b963f6?s=96&d=mm&r=g\",\"contentUrl\":\"https:\/\/secure.gravatar.com\/avatar\/4c2c3fc4a853c4b55798a14031b963f6?s=96&d=mm&r=g\",\"caption\":\"Annika\"},\"url\":\"https:\/\/www.idoc.eu\/blog\/author\/annika\/\"}]}<\/script>\n<!-- \/ Yoast SEO plugin. -->","yoast_head_json":{"title":"Black Friday - Die Schattenseiten der Schn\u00e4ppchenjagd - iDoc","description":"Am 26. November ist wieder Black Friday. Viele freuen sich auf die Schn\u00e4ppchenjagd. Dabei hat der Black Friday auch einige Schattenseiten.","robots":{"index":"index","follow":"follow","max-snippet":"max-snippet:-1","max-image-preview":"max-image-preview:large","max-video-preview":"max-video-preview:-1"},"canonical":"https:\/\/www.idoc.eu\/blog\/black-friday-die-schattenseite\/","og_locale":"de_DE","og_type":"article","og_title":"Black Friday - Die Schattenseiten der Schn\u00e4ppchenjagd - iDoc","og_description":"Am 26. November ist wieder Black Friday. Viele freuen sich auf die Schn\u00e4ppchenjagd. Dabei hat der Black Friday auch einige Schattenseiten.","og_url":"https:\/\/www.idoc.eu\/blog\/black-friday-die-schattenseite\/","og_site_name":"Blog","article_publisher":"https:\/\/www.facebook.com\/iDocEurope","article_published_time":"2021-11-24T08:14:03+00:00","article_modified_time":"2022-03-10T13:47:58+00:00","og_image":[{"width":2200,"height":1380,"url":"https:\/\/www.idoc.eu\/blog\/wp-content\/uploads\/2021\/11\/Blogartikel-Titelbild-Black_Friday.jpg","type":"image\/jpeg"}],"author":"Annika","twitter_misc":{"Verfasst von":"Annika","Gesch\u00e4tzte Lesezeit":"7\u00a0Minuten"},"schema":{"@context":"https:\/\/schema.org","@graph":[{"@type":"WebPage","@id":"https:\/\/www.idoc.eu\/blog\/black-friday-die-schattenseite\/","url":"https:\/\/www.idoc.eu\/blog\/black-friday-die-schattenseite\/","name":"Black Friday - Die Schattenseiten der Schn\u00e4ppchenjagd - iDoc","isPartOf":{"@id":"https:\/\/www.idoc.eu\/blog\/#website"},"datePublished":"2021-11-24T08:14:03+00:00","dateModified":"2022-03-10T13:47:58+00:00","author":{"@id":"https:\/\/www.idoc.eu\/blog\/#\/schema\/person\/7d14e822bd9e7a5e5fe4fdae66744ad2"},"description":"Am 26. November ist wieder Black Friday. Viele freuen sich auf die Schn\u00e4ppchenjagd. Dabei hat der Black Friday auch einige Schattenseiten.","breadcrumb":{"@id":"https:\/\/www.idoc.eu\/blog\/black-friday-die-schattenseite\/#breadcrumb"},"inLanguage":"de","potentialAction":[{"@type":"ReadAction","target":["https:\/\/www.idoc.eu\/blog\/black-friday-die-schattenseite\/"]}]},{"@type":"BreadcrumbList","@id":"https:\/\/www.idoc.eu\/blog\/black-friday-die-schattenseite\/#breadcrumb","itemListElement":[{"@type":"ListItem","position":1,"name":"Home","item":"https:\/\/www.idoc.eu\/blog\/"},{"@type":"ListItem","position":2,"name":"Black Friday &#8211; Die Schattenseiten der Schn\u00e4ppchenjagd"}]},{"@type":"WebSite","@id":"https:\/\/www.idoc.eu\/blog\/#website","url":"https:\/\/www.idoc.eu\/blog\/","name":"Blog","description":"Finde Empfehlungen rund um deine Smartphone-Reparatur: von der richtigen Werkzeugauswahl, \u00fcber Tipps und Tricks f\u00fcr einen erfolgreichen Abschluss bis hin zu Reviews einzelner Smartphone-Reparaturen. Erhalte auch Software-Tipps, um dein Smartphone noch optimaler nutzen zu k\u00f6nnen.","potentialAction":[{"@type":"SearchAction","target":{"@type":"EntryPoint","urlTemplate":"https:\/\/www.idoc.eu\/blog\/?s={search_term_string}"},"query-input":"required name=search_term_string"}],"inLanguage":"de"},{"@type":"Person","@id":"https:\/\/www.idoc.eu\/blog\/#\/schema\/person\/7d14e822bd9e7a5e5fe4fdae66744ad2","name":"Annika","image":{"@type":"ImageObject","inLanguage":"de","@id":"https:\/\/www.idoc.eu\/blog\/#\/schema\/person\/image\/","url":"https:\/\/secure.gravatar.com\/avatar\/4c2c3fc4a853c4b55798a14031b963f6?s=96&d=mm&r=g","contentUrl":"https:\/\/secure.gravatar.com\/avatar\/4c2c3fc4a853c4b55798a14031b963f6?s=96&d=mm&r=g","caption":"Annika"},"url":"https:\/\/www.idoc.eu\/blog\/author\/annika\/"}]}},"_links":{"self":[{"href":"https:\/\/www.idoc.eu\/blog\/wp-json\/wp\/v2\/posts\/8425"}],"collection":[{"href":"https:\/\/www.idoc.eu\/blog\/wp-json\/wp\/v2\/posts"}],"about":[{"href":"https:\/\/www.idoc.eu\/blog\/wp-json\/wp\/v2\/types\/post"}],"author":[{"embeddable":true,"href":"https:\/\/www.idoc.eu\/blog\/wp-json\/wp\/v2\/users\/24"}],"replies":[{"embeddable":true,"href":"https:\/\/www.idoc.eu\/blog\/wp-json\/wp\/v2\/comments?post=8425"}],"version-history":[{"count":0,"href":"https:\/\/www.idoc.eu\/blog\/wp-json\/wp\/v2\/posts\/8425\/revisions"}],"wp:featuredmedia":[{"embeddable":true,"href":"https:\/\/www.idoc.eu\/blog\/wp-json\/wp\/v2\/media\/8426"}],"wp:attachment":[{"href":"https:\/\/www.idoc.eu\/blog\/wp-json\/wp\/v2\/media?parent=8425"}],"wp:term":[{"taxonomy":"category","embeddable":true,"href":"https:\/\/www.idoc.eu\/blog\/wp-json\/wp\/v2\/categories?post=8425"},{"taxonomy":"post_tag","embeddable":true,"href":"https:\/\/www.idoc.eu\/blog\/wp-json\/wp\/v2\/tags?post=8425"}],"curies":[{"name":"wp","href":"https:\/\/api.w.org\/{rel}","templated":true}]}}