{"id":7891,"date":"2021-04-20T10:30:00","date_gmt":"2021-04-20T09:30:00","guid":{"rendered":"https:\/\/www.idoc.eu\/blog\/?p=7891"},"modified":"2021-07-28T13:53:47","modified_gmt":"2021-07-28T12:53:47","slug":"repair-cafe-reparieren-statt-wegwerfen","status":"publish","type":"post","link":"https:\/\/www.idoc.eu\/blog\/repair-cafe-reparieren-statt-wegwerfen\/","title":{"rendered":"Repair Caf\u00e9 \u2013 Reparieren statt Wegwerfen"},"content":{"rendered":"\n<h2>Was ist ein Repair Caf\u00e9 \u00fcberhaupt?<\/h2>\n\n\n\n<p>Unter einem Repair Caf\u00e9 versteht man Selbsthilfewerkst\u00e4tten oder ehrenamtliche Treffen, in denen kaputte Alltags- und Gebrauchsgegenst\u00e4nde, wie Smartphones, Kaffeemaschinen und Kleidung, wieder fit gemacht werden. Dabei stehen ehrenamtliche, fachkundige Helfer mit Rat und Tat zur Seite und unterst\u00fctzen bei der Reparatur. Werkzeug wird vor Ort gestellt, Ersatzteile bringen die G\u00e4ste neben ihrem kaputten Ger\u00e4t meist selbst mit. Mittlerweile gibt es allein in Deutschland mehr als 500 Reparatur-Initiativen, wie auch die <a href=\"https:\/\/erneuerbar-fulda.de\/\" target=\"_blank\" rel=\"noreferrer noopener nofollow\" class=\"external\">Erneuer:Bar<\/a> Werkstatt in Fulda. Bestimmt werden auch <a href=\"https:\/\/www.reparatur-initiativen.de\/orte\" target=\"_blank\" rel=\"noreferrer noopener nofollow\" class=\"external\">in deiner N\u00e4he<\/a> solche Treffen angeboten.<\/p>\n\n\n\n<figure class=\"wp-block-image size-medium\"><img loading=\"lazy\" width=\"600\" height=\"376\" src=\"https:\/\/www.idoc.eu\/blog\/wp-content\/uploads\/2021\/04\/Blog-RepairCafe-Eindruecke-600.jpg\" alt=\"\" class=\"wp-image-7894\" srcset=\"https:\/\/www.idoc.eu\/blog\/wp-content\/uploads\/2021\/04\/Blog-RepairCafe-Eindruecke-600.jpg 600w, https:\/\/www.idoc.eu\/blog\/wp-content\/uploads\/2021\/04\/Blog-RepairCafe-Eindruecke-1024.jpg 1024w, https:\/\/www.idoc.eu\/blog\/wp-content\/uploads\/2021\/04\/Blog-RepairCafe-Eindruecke-300.jpg 300w, https:\/\/www.idoc.eu\/blog\/wp-content\/uploads\/2021\/04\/Blog-RepairCafe-Eindruecke-768.jpg 768w, https:\/\/www.idoc.eu\/blog\/wp-content\/uploads\/2021\/04\/Blog-RepairCafe-Eindruecke-1536.jpg 1536w, https:\/\/www.idoc.eu\/blog\/wp-content\/uploads\/2021\/04\/Blog-RepairCafe-Eindruecke-2048.jpg 2048w, https:\/\/www.idoc.eu\/blog\/wp-content\/uploads\/2021\/04\/Blog-RepairCafe-Eindruecke-200.jpg 200w, https:\/\/www.idoc.eu\/blog\/wp-content\/uploads\/2021\/04\/Blog-RepairCafe-Eindruecke-520.jpg 520w, https:\/\/www.idoc.eu\/blog\/wp-content\/uploads\/2021\/04\/Blog-RepairCafe-Eindruecke-390.jpg 390w, https:\/\/www.idoc.eu\/blog\/wp-content\/uploads\/2021\/04\/Blog-RepairCafe-Eindruecke-1020.jpg 1020w, https:\/\/www.idoc.eu\/blog\/wp-content\/uploads\/2021\/04\/Blog-RepairCafe-Eindruecke-400.jpg 400w, https:\/\/www.idoc.eu\/blog\/wp-content\/uploads\/2021\/04\/Blog-RepairCafe-Eindruecke-800.jpg 800w, https:\/\/www.idoc.eu\/blog\/wp-content\/uploads\/2021\/04\/Blog-RepairCafe-Eindruecke-152.jpg 152w, https:\/\/www.idoc.eu\/blog\/wp-content\/uploads\/2021\/04\/Blog-RepairCafe-Eindruecke-304.jpg 304w, https:\/\/www.idoc.eu\/blog\/wp-content\/uploads\/2021\/04\/Blog-RepairCafe-Eindruecke-222.jpg 222w, https:\/\/www.idoc.eu\/blog\/wp-content\/uploads\/2021\/04\/Blog-RepairCafe-Eindruecke-444.jpg 444w, https:\/\/www.idoc.eu\/blog\/wp-content\/uploads\/2021\/04\/Blog-RepairCafe-Eindruecke-254.jpg 254w, https:\/\/www.idoc.eu\/blog\/wp-content\/uploads\/2021\/04\/Blog-RepairCafe-Eindruecke-508.jpg 508w, https:\/\/www.idoc.eu\/blog\/wp-content\/uploads\/2021\/04\/Blog-RepairCafe-Eindruecke-209.jpg 209w, https:\/\/www.idoc.eu\/blog\/wp-content\/uploads\/2021\/04\/Blog-RepairCafe-Eindruecke-418.jpg 418w, https:\/\/www.idoc.eu\/blog\/wp-content\/uploads\/2021\/04\/Blog-RepairCafe-Eindruecke-608.jpg 608w, https:\/\/www.idoc.eu\/blog\/wp-content\/uploads\/2021\/04\/Blog-RepairCafe-Eindruecke-348.jpg 348w, https:\/\/www.idoc.eu\/blog\/wp-content\/uploads\/2021\/04\/Blog-RepairCafe-Eindruecke-696.jpg 696w, https:\/\/www.idoc.eu\/blog\/wp-content\/uploads\/2021\/04\/Blog-RepairCafe-Eindruecke-58.jpg 58w, https:\/\/www.idoc.eu\/blog\/wp-content\/uploads\/2021\/04\/Blog-RepairCafe-Eindruecke-116.jpg 116w, https:\/\/www.idoc.eu\/blog\/wp-content\/uploads\/2021\/04\/Blog-RepairCafe-Eindruecke-92.jpg 92w, https:\/\/www.idoc.eu\/blog\/wp-content\/uploads\/2021\/04\/Blog-RepairCafe-Eindruecke-184.jpg 184w, https:\/\/www.idoc.eu\/blog\/wp-content\/uploads\/2021\/04\/Blog-RepairCafe-Eindruecke-660.jpg 660w, https:\/\/www.idoc.eu\/blog\/wp-content\/uploads\/2021\/04\/Blog-RepairCafe-Eindruecke-1320.jpg 1320w, https:\/\/www.idoc.eu\/blog\/wp-content\/uploads\/2021\/04\/Blog-RepairCafe-Eindruecke-960.jpg 960w, https:\/\/www.idoc.eu\/blog\/wp-content\/uploads\/2021\/04\/Blog-RepairCafe-Eindruecke-1920.jpg 1920w, https:\/\/www.idoc.eu\/blog\/wp-content\/uploads\/2021\/04\/Blog-RepairCafe-Eindruecke-1100.jpg 1100w, https:\/\/www.idoc.eu\/blog\/wp-content\/uploads\/2021\/04\/Blog-RepairCafe-Eindruecke-321.jpg 321w, https:\/\/www.idoc.eu\/blog\/wp-content\/uploads\/2021\/04\/Blog-RepairCafe-Eindruecke-642.jpg 642w, https:\/\/www.idoc.eu\/blog\/wp-content\/uploads\/2021\/04\/Blog-RepairCafe-Eindruecke-468.jpg 468w, https:\/\/www.idoc.eu\/blog\/wp-content\/uploads\/2021\/04\/Blog-RepairCafe-Eindruecke-936.jpg 936w, https:\/\/www.idoc.eu\/blog\/wp-content\/uploads\/2021\/04\/Blog-RepairCafe-Eindruecke-536.jpg 536w, https:\/\/www.idoc.eu\/blog\/wp-content\/uploads\/2021\/04\/Blog-RepairCafe-Eindruecke-1072.jpg 1072w, https:\/\/www.idoc.eu\/blog\/wp-content\/uploads\/2021\/04\/Blog-RepairCafe-Eindruecke-195.jpg 195w\" sizes=\"(max-width: 600px) 100vw, 600px\" \/><figcaption>Im Repair Caf\u00e9 kommen Menschen zusammen, um gemeinsam Smartphones, Staubsauger, Ledertaschen und mehr zu reparieren.<\/figcaption><\/figure>\n\n\n\n<p>Die Reparatur-Initiativen stellen eine umweltfreundliche, nachhaltige Alternative zum Neukauf dar und f\u00f6rdern den Wissensaustausch. Denn wer wei\u00df heutzutage noch, wie Dinge repariert werden? Auch Torsten betont, wie wichtig der Nachhaltigkeitsgedanke und der soziale Aspekt w\u00e4hrend seiner Arbeit im Repair Caf\u00e9 ist. Es geht nicht einfach nur um eine Reparatur. Vielmehr wollen die Repairer w\u00e4hrend ihrer Arbeit vermitteln, wie Technik funktioniert und dass Kleidung, Smartphones und Co. st\u00e4rker wertgesch\u00e4tzt werden.&nbsp;<\/p>\n\n\n\n<h2>F\u00fcr wen ist ein Besuch in einer Reparatur-Werkstatt interessant?<\/h2>\n\n\n\n<p>Wenn du dir nicht zutraust, dein Smartphone selbst zu reparieren, du aber besser verstehen willst, wie es \u00fcberhaupt funktioniert, dann ist ein Besuch im Repair Caf\u00e9 eine gute Wahl f\u00fcr dich. Denn hier kannst du selbst Hand anlegen, wirst aber durch fachkundige Helfer durch die Reparatur geleitet.<\/p>\n\n\n\n<p>Aber auch, wenn du dich einfach nur \u00fcber Reparaturen austauschen m\u00f6chtest oder kein eigenes Werkzeug zuhause hast, ist eine Selbsthilfewerkstatt der richtige Ort f\u00fcr dich. Denn hier steht neben der Reparatur und dem Austausch von Wissen vor allem der soziale Aspekt im Mittelpunkt. So kennen die Helfer vor Ort typische Probleme und unterst\u00fctzen den Gast durch gezielte Fragen bei der Ursachenforschung. Denn manchmal ist das Smartphone \u00fcberhaupt nicht defekt, sondern es f\u00fchrt eine <a href=\"https:\/\/www.idoc.eu\/blog\/kein-ton-beim-telefonieren\/\" target=\"_blank\" rel=\"noreferrer noopener\">verschmutzte H\u00f6rmuschel<\/a> zu Problemen beim Telefonieren. <\/p>\n\n\n\n<h2>Eindr\u00fccke eines ehrenamtlichen Helfers<\/h2>\n\n\n\n<p>Christian ist seit etwa einem Jahr in der Erneuer:Bar Fulda aktiv und wir waren gespannt auf seine Geschichte. Im Zoom-Call berichtet er, dass er erst vor Kurzem seine Leidenschaft f\u00fcrs Reparieren entdeckt hat. Anfang 2020 hat er das erste Mal ein Handy von Innen gesehen \u2013 ein iPhone 5 mit Wasserschaden. <\/p>\n\n\n\n<figure class=\"wp-block-image size-medium\"><img loading=\"lazy\" width=\"600\" height=\"376\" src=\"https:\/\/www.idoc.eu\/blog\/wp-content\/uploads\/2021\/04\/Wasserschaden-5s2-600.jpg\" alt=\"\" class=\"wp-image-7893\" srcset=\"https:\/\/www.idoc.eu\/blog\/wp-content\/uploads\/2021\/04\/Wasserschaden-5s2-600.jpg 600w, https:\/\/www.idoc.eu\/blog\/wp-content\/uploads\/2021\/04\/Wasserschaden-5s2-1024.jpg 1024w, https:\/\/www.idoc.eu\/blog\/wp-content\/uploads\/2021\/04\/Wasserschaden-5s2-300.jpg 300w, https:\/\/www.idoc.eu\/blog\/wp-content\/uploads\/2021\/04\/Wasserschaden-5s2-768.jpg 768w, https:\/\/www.idoc.eu\/blog\/wp-content\/uploads\/2021\/04\/Wasserschaden-5s2-1536.jpg 1536w, https:\/\/www.idoc.eu\/blog\/wp-content\/uploads\/2021\/04\/Wasserschaden-5s2-2048.jpg 2048w, https:\/\/www.idoc.eu\/blog\/wp-content\/uploads\/2021\/04\/Wasserschaden-5s2-200.jpg 200w, https:\/\/www.idoc.eu\/blog\/wp-content\/uploads\/2021\/04\/Wasserschaden-5s2-520.jpg 520w, https:\/\/www.idoc.eu\/blog\/wp-content\/uploads\/2021\/04\/Wasserschaden-5s2-390.jpg 390w, https:\/\/www.idoc.eu\/blog\/wp-content\/uploads\/2021\/04\/Wasserschaden-5s2-1020.jpg 1020w, https:\/\/www.idoc.eu\/blog\/wp-content\/uploads\/2021\/04\/Wasserschaden-5s2-400.jpg 400w, https:\/\/www.idoc.eu\/blog\/wp-content\/uploads\/2021\/04\/Wasserschaden-5s2-800.jpg 800w, https:\/\/www.idoc.eu\/blog\/wp-content\/uploads\/2021\/04\/Wasserschaden-5s2-152.jpg 152w, https:\/\/www.idoc.eu\/blog\/wp-content\/uploads\/2021\/04\/Wasserschaden-5s2-304.jpg 304w, https:\/\/www.idoc.eu\/blog\/wp-content\/uploads\/2021\/04\/Wasserschaden-5s2-222.jpg 222w, https:\/\/www.idoc.eu\/blog\/wp-content\/uploads\/2021\/04\/Wasserschaden-5s2-444.jpg 444w, https:\/\/www.idoc.eu\/blog\/wp-content\/uploads\/2021\/04\/Wasserschaden-5s2-254.jpg 254w, https:\/\/www.idoc.eu\/blog\/wp-content\/uploads\/2021\/04\/Wasserschaden-5s2-508.jpg 508w, https:\/\/www.idoc.eu\/blog\/wp-content\/uploads\/2021\/04\/Wasserschaden-5s2-209.jpg 209w, https:\/\/www.idoc.eu\/blog\/wp-content\/uploads\/2021\/04\/Wasserschaden-5s2-418.jpg 418w, https:\/\/www.idoc.eu\/blog\/wp-content\/uploads\/2021\/04\/Wasserschaden-5s2-608.jpg 608w, https:\/\/www.idoc.eu\/blog\/wp-content\/uploads\/2021\/04\/Wasserschaden-5s2-348.jpg 348w, https:\/\/www.idoc.eu\/blog\/wp-content\/uploads\/2021\/04\/Wasserschaden-5s2-696.jpg 696w, https:\/\/www.idoc.eu\/blog\/wp-content\/uploads\/2021\/04\/Wasserschaden-5s2-58.jpg 58w, https:\/\/www.idoc.eu\/blog\/wp-content\/uploads\/2021\/04\/Wasserschaden-5s2-116.jpg 116w, https:\/\/www.idoc.eu\/blog\/wp-content\/uploads\/2021\/04\/Wasserschaden-5s2-92.jpg 92w, https:\/\/www.idoc.eu\/blog\/wp-content\/uploads\/2021\/04\/Wasserschaden-5s2-184.jpg 184w, https:\/\/www.idoc.eu\/blog\/wp-content\/uploads\/2021\/04\/Wasserschaden-5s2-660.jpg 660w, https:\/\/www.idoc.eu\/blog\/wp-content\/uploads\/2021\/04\/Wasserschaden-5s2-1320.jpg 1320w, https:\/\/www.idoc.eu\/blog\/wp-content\/uploads\/2021\/04\/Wasserschaden-5s2-960.jpg 960w, https:\/\/www.idoc.eu\/blog\/wp-content\/uploads\/2021\/04\/Wasserschaden-5s2-1920.jpg 1920w, https:\/\/www.idoc.eu\/blog\/wp-content\/uploads\/2021\/04\/Wasserschaden-5s2-1100.jpg 1100w, https:\/\/www.idoc.eu\/blog\/wp-content\/uploads\/2021\/04\/Wasserschaden-5s2-321.jpg 321w, https:\/\/www.idoc.eu\/blog\/wp-content\/uploads\/2021\/04\/Wasserschaden-5s2-642.jpg 642w, https:\/\/www.idoc.eu\/blog\/wp-content\/uploads\/2021\/04\/Wasserschaden-5s2-468.jpg 468w, https:\/\/www.idoc.eu\/blog\/wp-content\/uploads\/2021\/04\/Wasserschaden-5s2-936.jpg 936w, https:\/\/www.idoc.eu\/blog\/wp-content\/uploads\/2021\/04\/Wasserschaden-5s2-536.jpg 536w, https:\/\/www.idoc.eu\/blog\/wp-content\/uploads\/2021\/04\/Wasserschaden-5s2-1072.jpg 1072w, https:\/\/www.idoc.eu\/blog\/wp-content\/uploads\/2021\/04\/Wasserschaden-5s2-195.jpg 195w\" sizes=\"(max-width: 600px) 100vw, 600px\" \/><figcaption>Ein <a href=\"https:\/\/www.idoc.eu\/blog\/wasserschaden-beim-smartphone\/\" target=\"_blank\" rel=\"noreferrer noopener\">Smartphone mit Wasserschaden<\/a> ist meist irreparabel. Hier siehst du eine iPhone 5s-Platine mit beginnender Korrosion.<\/figcaption><\/figure>\n\n\n\n<p>Auch wenn er das Ger\u00e4t nicht mehr reparieren konnte, hat ihn das Erlebnis so begeistert, dass er sich noch intensiver mit der Reparatur von Smartphones besch\u00e4ftigen wollte. Durch einen Zufall \u2013 eine Werbeanzeige auf Instagram \u2013 ist Christian auf das Erneuer:Bar Fulda aufmerksam geworden und hat nachgefragt, wie er unterst\u00fctzen und sich selbst weiterbilden kann. Dort wurde er mit offenen Armen empfangen und eingelernt. Mittlerweile unterst\u00fctzt Christian einmal w\u00f6chentlich im Caf\u00e8.&nbsp;<\/p>\n\n\n\n<p>In der Selbsthilfewerkstatt Fulda konnten dank Menschen wie Torsten und Christian bereits mehr als 1200 Ger\u00e4te wieder zu neuem Leben verholfen. Und trotz der aktuell schwierigen Situation macht das Repair Caf\u00e9 weiter. Um auch w\u00e4hrend der Pandemie Reparaturunterst\u00fctzung anbieten zu k\u00f6nnen, hat die Erneuer:Bar Werkstatt keine Kosten und M\u00fchen gescheut und zur Sicherheit aller nachger\u00fcstet: Durch Kameras und Laptops k\u00f6nnen die G\u00e4ste live bei der Reparatur dabei sein, die nun durch die Helfer selbst durchgef\u00fchrt wird. Jeder Schritt kann also trotz der Distanz nachverfolgt werden. Dadurch sind Gast und Repairer sicher und der so wichtige Nachhaltigkeitsgedanke kann bestehen bleiben.<\/p>\n\n\n\n<h2>Wie kannst du selbst aktiv werden?<\/h2>\n\n\n\n<p>Bist du genauso begeistert vom Konzept der Repair Caf\u00e9s wie wir und liebst es zu reparieren? Torsten von der Erneuer:Bar hat uns erz\u00e4hlt, dass sie immer <a href=\"https:\/\/erneuerbar-fulda.de\/mitmachen\/\" target=\"_blank\" rel=\"noreferrer noopener nofollow\" class=\"external\">auf der Suche<\/a> nach Repairern aus allen Bereichen sind. Aber auch Hilfen in Form von Sach- oder Geldspenden sind wichtig, damit Reparatur-Caf\u00e8s \u00fcberleben k\u00f6nnen. Denn meist werden diese ehrenamtlich betrieben und nehmen kein Geld ein.&nbsp;<\/p>\n\n\n\n<p>Frage doch mal bei einer Selbsthilfewerkstatt in deiner N\u00e4he nach, wie du unterst\u00fctzen kannst.&nbsp;Vielleicht kannst du irgendwann einmal genauso begeistert wie Christian \u00fcber dein neues Hobby berichten. <\/p>\n","protected":false},"excerpt":{"rendered":"<p>Hast du schon einmal von einem Repair Caf\u00e9 geh\u00f6rt oder warst sogar schon einmal da? Oder ist dir das Konzept komplett neu? In diesem Artikel m\u00f6chten wir dir die Arbeit und M\u00f6glichkeiten in einem Repair Caf\u00e8 vorstellen.<br \/>\nDazu haben wir mit Christian und Torsten gesprochen, die beide tatkr\u00e4ftig bei der Erneuer:Bar Fulda mitwirken. Vielen Dank an dieser Stelle f\u00fcr das spannende Gespr\u00e4ch!<\/p>\n","protected":false},"author":22,"featured_media":7896,"comment_status":"open","ping_status":"open","sticky":false,"template":"","format":"standard","meta":[],"categories":[970,825],"tags":[1731,1735,1722],"acf":[],"yoast_head":"<!-- This site is optimized with the Yoast SEO plugin v19.8 - https:\/\/yoast.com\/wordpress\/plugins\/seo\/ -->\n<title>Repair Caf\u00e9 \u2013 Reparieren statt Wegwerfen - iDoc<\/title>\n<meta name=\"description\" content=\"Wei\u00dft du, was ein Repair Caf\u00e9 ist? Wir haben mit zwei Helfern der Reparaturwerkstatt Fulda gesprochen, um dir das Konzept vorzustellen. Viel Spa\u00df!\" \/>\n<meta name=\"robots\" content=\"index, follow, max-snippet:-1, max-image-preview:large, max-video-preview:-1\" \/>\n<link rel=\"canonical\" href=\"https:\/\/www.idoc.eu\/blog\/repair-cafe-reparieren-statt-wegwerfen\/\" \/>\n<meta property=\"og:locale\" content=\"de_DE\" \/>\n<meta property=\"og:type\" content=\"article\" \/>\n<meta property=\"og:title\" content=\"Repair Caf\u00e9 \u2013 Reparieren statt Wegwerfen - iDoc\" \/>\n<meta property=\"og:description\" content=\"Wei\u00dft du, was ein Repair Caf\u00e9 ist? Wir haben mit zwei Helfern der Reparaturwerkstatt Fulda gesprochen, um dir das Konzept vorzustellen. Viel Spa\u00df!\" \/>\n<meta property=\"og:url\" content=\"https:\/\/www.idoc.eu\/blog\/repair-cafe-reparieren-statt-wegwerfen\/\" \/>\n<meta property=\"og:site_name\" content=\"Blog\" \/>\n<meta property=\"article:publisher\" content=\"https:\/\/www.facebook.com\/iDocEurope\" \/>\n<meta property=\"article:published_time\" content=\"2021-04-20T09:30:00+00:00\" \/>\n<meta property=\"article:modified_time\" content=\"2021-07-28T12:53:47+00:00\" \/>\n<meta property=\"og:image\" content=\"https:\/\/www.idoc.eu\/blog\/wp-content\/uploads\/2021\/04\/Blog-Titel-RepairCafe-1024.jpg\" \/>\n\t<meta property=\"og:image:width\" content=\"1024\" \/>\n\t<meta property=\"og:image:height\" content=\"642\" \/>\n\t<meta property=\"og:image:type\" content=\"image\/jpeg\" \/>\n<meta name=\"author\" content=\"sabine\" \/>\n<meta name=\"twitter:label1\" content=\"Verfasst von\" \/>\n\t<meta name=\"twitter:data1\" content=\"sabine\" \/>\n\t<meta name=\"twitter:label2\" content=\"Gesch\u00e4tzte Lesezeit\" \/>\n\t<meta name=\"twitter:data2\" content=\"4\u00a0Minuten\" \/>\n<script type=\"application\/ld+json\" class=\"yoast-schema-graph\">{\"@context\":\"https:\/\/schema.org\",\"@graph\":[{\"@type\":\"WebPage\",\"@id\":\"https:\/\/www.idoc.eu\/blog\/repair-cafe-reparieren-statt-wegwerfen\/\",\"url\":\"https:\/\/www.idoc.eu\/blog\/repair-cafe-reparieren-statt-wegwerfen\/\",\"name\":\"Repair Caf\u00e9 \u2013 Reparieren statt Wegwerfen - iDoc\",\"isPartOf\":{\"@id\":\"https:\/\/www.idoc.eu\/blog\/#website\"},\"datePublished\":\"2021-04-20T09:30:00+00:00\",\"dateModified\":\"2021-07-28T12:53:47+00:00\",\"author\":{\"@id\":\"https:\/\/www.idoc.eu\/blog\/#\/schema\/person\/7a3a180effd8f997334c3a65d22c11c7\"},\"description\":\"Wei\u00dft du, was ein Repair Caf\u00e9 ist? Wir haben mit zwei Helfern der Reparaturwerkstatt Fulda gesprochen, um dir das Konzept vorzustellen. Viel Spa\u00df!\",\"breadcrumb\":{\"@id\":\"https:\/\/www.idoc.eu\/blog\/repair-cafe-reparieren-statt-wegwerfen\/#breadcrumb\"},\"inLanguage\":\"de\",\"potentialAction\":[{\"@type\":\"ReadAction\",\"target\":[\"https:\/\/www.idoc.eu\/blog\/repair-cafe-reparieren-statt-wegwerfen\/\"]}]},{\"@type\":\"BreadcrumbList\",\"@id\":\"https:\/\/www.idoc.eu\/blog\/repair-cafe-reparieren-statt-wegwerfen\/#breadcrumb\",\"itemListElement\":[{\"@type\":\"ListItem\",\"position\":1,\"name\":\"Home\",\"item\":\"https:\/\/www.idoc.eu\/blog\/\"},{\"@type\":\"ListItem\",\"position\":2,\"name\":\"Repair Caf\u00e9 \u2013 Reparieren statt Wegwerfen\"}]},{\"@type\":\"WebSite\",\"@id\":\"https:\/\/www.idoc.eu\/blog\/#website\",\"url\":\"https:\/\/www.idoc.eu\/blog\/\",\"name\":\"Blog\",\"description\":\"Finde Empfehlungen rund um deine Smartphone-Reparatur: von der richtigen Werkzeugauswahl, \u00fcber Tipps und Tricks f\u00fcr einen erfolgreichen Abschluss bis hin zu Reviews einzelner Smartphone-Reparaturen. Erhalte auch Software-Tipps, um dein Smartphone noch optimaler nutzen zu k\u00f6nnen.\",\"potentialAction\":[{\"@type\":\"SearchAction\",\"target\":{\"@type\":\"EntryPoint\",\"urlTemplate\":\"https:\/\/www.idoc.eu\/blog\/?s={search_term_string}\"},\"query-input\":\"required name=search_term_string\"}],\"inLanguage\":\"de\"},{\"@type\":\"Person\",\"@id\":\"https:\/\/www.idoc.eu\/blog\/#\/schema\/person\/7a3a180effd8f997334c3a65d22c11c7\",\"name\":\"sabine\",\"image\":{\"@type\":\"ImageObject\",\"inLanguage\":\"de\",\"@id\":\"https:\/\/www.idoc.eu\/blog\/#\/schema\/person\/image\/\",\"url\":\"https:\/\/secure.gravatar.com\/avatar\/498cfbe6a9f33031d713fa806b482157?s=96&d=mm&r=g\",\"contentUrl\":\"https:\/\/secure.gravatar.com\/avatar\/498cfbe6a9f33031d713fa806b482157?s=96&d=mm&r=g\",\"caption\":\"sabine\"},\"url\":\"https:\/\/www.idoc.eu\/blog\/author\/sabine\/\"}]}<\/script>\n<!-- \/ Yoast SEO plugin. -->","yoast_head_json":{"title":"Repair Caf\u00e9 \u2013 Reparieren statt Wegwerfen - iDoc","description":"Wei\u00dft du, was ein Repair Caf\u00e9 ist? Wir haben mit zwei Helfern der Reparaturwerkstatt Fulda gesprochen, um dir das Konzept vorzustellen. Viel Spa\u00df!","robots":{"index":"index","follow":"follow","max-snippet":"max-snippet:-1","max-image-preview":"max-image-preview:large","max-video-preview":"max-video-preview:-1"},"canonical":"https:\/\/www.idoc.eu\/blog\/repair-cafe-reparieren-statt-wegwerfen\/","og_locale":"de_DE","og_type":"article","og_title":"Repair Caf\u00e9 \u2013 Reparieren statt Wegwerfen - iDoc","og_description":"Wei\u00dft du, was ein Repair Caf\u00e9 ist? Wir haben mit zwei Helfern der Reparaturwerkstatt Fulda gesprochen, um dir das Konzept vorzustellen. Viel Spa\u00df!","og_url":"https:\/\/www.idoc.eu\/blog\/repair-cafe-reparieren-statt-wegwerfen\/","og_site_name":"Blog","article_publisher":"https:\/\/www.facebook.com\/iDocEurope","article_published_time":"2021-04-20T09:30:00+00:00","article_modified_time":"2021-07-28T12:53:47+00:00","og_image":[{"width":1024,"height":642,"url":"https:\/\/www.idoc.eu\/blog\/wp-content\/uploads\/2021\/04\/Blog-Titel-RepairCafe-1024.jpg","type":"image\/jpeg"}],"author":"sabine","twitter_misc":{"Verfasst von":"sabine","Gesch\u00e4tzte Lesezeit":"4\u00a0Minuten"},"schema":{"@context":"https:\/\/schema.org","@graph":[{"@type":"WebPage","@id":"https:\/\/www.idoc.eu\/blog\/repair-cafe-reparieren-statt-wegwerfen\/","url":"https:\/\/www.idoc.eu\/blog\/repair-cafe-reparieren-statt-wegwerfen\/","name":"Repair Caf\u00e9 \u2013 Reparieren statt Wegwerfen - iDoc","isPartOf":{"@id":"https:\/\/www.idoc.eu\/blog\/#website"},"datePublished":"2021-04-20T09:30:00+00:00","dateModified":"2021-07-28T12:53:47+00:00","author":{"@id":"https:\/\/www.idoc.eu\/blog\/#\/schema\/person\/7a3a180effd8f997334c3a65d22c11c7"},"description":"Wei\u00dft du, was ein Repair Caf\u00e9 ist? Wir haben mit zwei Helfern der Reparaturwerkstatt Fulda gesprochen, um dir das Konzept vorzustellen. Viel Spa\u00df!","breadcrumb":{"@id":"https:\/\/www.idoc.eu\/blog\/repair-cafe-reparieren-statt-wegwerfen\/#breadcrumb"},"inLanguage":"de","potentialAction":[{"@type":"ReadAction","target":["https:\/\/www.idoc.eu\/blog\/repair-cafe-reparieren-statt-wegwerfen\/"]}]},{"@type":"BreadcrumbList","@id":"https:\/\/www.idoc.eu\/blog\/repair-cafe-reparieren-statt-wegwerfen\/#breadcrumb","itemListElement":[{"@type":"ListItem","position":1,"name":"Home","item":"https:\/\/www.idoc.eu\/blog\/"},{"@type":"ListItem","position":2,"name":"Repair Caf\u00e9 \u2013 Reparieren statt Wegwerfen"}]},{"@type":"WebSite","@id":"https:\/\/www.idoc.eu\/blog\/#website","url":"https:\/\/www.idoc.eu\/blog\/","name":"Blog","description":"Finde Empfehlungen rund um deine Smartphone-Reparatur: von der richtigen Werkzeugauswahl, \u00fcber Tipps und Tricks f\u00fcr einen erfolgreichen Abschluss bis hin zu Reviews einzelner Smartphone-Reparaturen. Erhalte auch Software-Tipps, um dein Smartphone noch optimaler nutzen zu k\u00f6nnen.","potentialAction":[{"@type":"SearchAction","target":{"@type":"EntryPoint","urlTemplate":"https:\/\/www.idoc.eu\/blog\/?s={search_term_string}"},"query-input":"required name=search_term_string"}],"inLanguage":"de"},{"@type":"Person","@id":"https:\/\/www.idoc.eu\/blog\/#\/schema\/person\/7a3a180effd8f997334c3a65d22c11c7","name":"sabine","image":{"@type":"ImageObject","inLanguage":"de","@id":"https:\/\/www.idoc.eu\/blog\/#\/schema\/person\/image\/","url":"https:\/\/secure.gravatar.com\/avatar\/498cfbe6a9f33031d713fa806b482157?s=96&d=mm&r=g","contentUrl":"https:\/\/secure.gravatar.com\/avatar\/498cfbe6a9f33031d713fa806b482157?s=96&d=mm&r=g","caption":"sabine"},"url":"https:\/\/www.idoc.eu\/blog\/author\/sabine\/"}]}},"_links":{"self":[{"href":"https:\/\/www.idoc.eu\/blog\/wp-json\/wp\/v2\/posts\/7891"}],"collection":[{"href":"https:\/\/www.idoc.eu\/blog\/wp-json\/wp\/v2\/posts"}],"about":[{"href":"https:\/\/www.idoc.eu\/blog\/wp-json\/wp\/v2\/types\/post"}],"author":[{"embeddable":true,"href":"https:\/\/www.idoc.eu\/blog\/wp-json\/wp\/v2\/users\/22"}],"replies":[{"embeddable":true,"href":"https:\/\/www.idoc.eu\/blog\/wp-json\/wp\/v2\/comments?post=7891"}],"version-history":[{"count":0,"href":"https:\/\/www.idoc.eu\/blog\/wp-json\/wp\/v2\/posts\/7891\/revisions"}],"wp:featuredmedia":[{"embeddable":true,"href":"https:\/\/www.idoc.eu\/blog\/wp-json\/wp\/v2\/media\/7896"}],"wp:attachment":[{"href":"https:\/\/www.idoc.eu\/blog\/wp-json\/wp\/v2\/media?parent=7891"}],"wp:term":[{"taxonomy":"category","embeddable":true,"href":"https:\/\/www.idoc.eu\/blog\/wp-json\/wp\/v2\/categories?post=7891"},{"taxonomy":"post_tag","embeddable":true,"href":"https:\/\/www.idoc.eu\/blog\/wp-json\/wp\/v2\/tags?post=7891"}],"curies":[{"name":"wp","href":"https:\/\/api.w.org\/{rel}","templated":true}]}}