{"id":7758,"date":"2021-01-13T14:05:39","date_gmt":"2021-01-13T13:05:39","guid":{"rendered":"https:\/\/www.idoc.eu\/blog\/?p=7758"},"modified":"2021-02-25T13:32:54","modified_gmt":"2021-02-25T12:32:54","slug":"repair-review-iphone11pro","status":"publish","type":"post","link":"https:\/\/www.idoc.eu\/blog\/repair-review-iphone11pro\/","title":{"rendered":"Das iPhone 11 Pro in der Repair Review: DIY oder Finger weg?"},"content":{"rendered":"\n<p>Das iPhone 11 Pro von Apple kam im Herbst 2019 in die L\u00e4den. Mittlerweile ist bei einigen Nutzern der Akku schw\u00e4cher geworden und auch das Display d\u00fcrfte bei dem ein oder anderen in den vergangenen Jahren der Nutzung schon einige Kratzer und Risse abbekommen haben. An diesem Punkt kommt nat\u00fcrlich die Frage auf: selbst reparieren oder doch lieber zur Werkstatt? Mithilfe unserer Repair Review vom iPhone 11 Pro kannst du diese Frage hoffentlich einfacher beantworten.<\/p>\n\n\n\n<h2>First things first: Wie schneidet das iPhone Pro 11 in unserer Repair Review ab?<\/h2>\n\n\n\n<p>Das iPhone 11 Pro konnte sich anhand unserer <a href=\"https:\/\/www.idoc.eu\/blog\/alle-infos-zur-idoc-repair-review\/\">Bewertungskriterien<\/a> 42 von 100 m\u00f6glichen Punkten sichern. Damit ist das Apple-Ger\u00e4t eher nicht so reparaturfreundlich. Das liegt vor allem an <a href=\"https:\/\/www.idoc.eu\/blog\/probleme-nach-der-iphone-reparatur\/\">softwareseitigen Einschr\u00e4nkungen<\/a>, die nach einer Reparatur auftreten k\u00f6nnen, sowie an dem verschachtelten Aufbau.&nbsp;<\/p>\n\n\n\n<figure class=\"wp-block-image size-large\"><img loading=\"lazy\" width=\"1024\" height=\"357\" src=\"https:\/\/www.idoc.eu\/blog\/wp-content\/uploads\/2021\/01\/Blog-Repair-review-iPhone-11-Pro-1024.jpg\" alt=\"Repair Review Bewertung iPhone 11 Pro: 42 Punkte\" class=\"wp-image-7759\" srcset=\"https:\/\/www.idoc.eu\/blog\/wp-content\/uploads\/2021\/01\/Blog-Repair-review-iPhone-11-Pro-1024.jpg 1024w, https:\/\/www.idoc.eu\/blog\/wp-content\/uploads\/2021\/01\/Blog-Repair-review-iPhone-11-Pro-600.jpg 600w, https:\/\/www.idoc.eu\/blog\/wp-content\/uploads\/2021\/01\/Blog-Repair-review-iPhone-11-Pro-300.jpg 300w, https:\/\/www.idoc.eu\/blog\/wp-content\/uploads\/2021\/01\/Blog-Repair-review-iPhone-11-Pro-768.jpg 768w, https:\/\/www.idoc.eu\/blog\/wp-content\/uploads\/2021\/01\/Blog-Repair-review-iPhone-11-Pro-1536.jpg 1536w, https:\/\/www.idoc.eu\/blog\/wp-content\/uploads\/2021\/01\/Blog-Repair-review-iPhone-11-Pro-200.jpg 200w, https:\/\/www.idoc.eu\/blog\/wp-content\/uploads\/2021\/01\/Blog-Repair-review-iPhone-11-Pro-520.jpg 520w, https:\/\/www.idoc.eu\/blog\/wp-content\/uploads\/2021\/01\/Blog-Repair-review-iPhone-11-Pro-400.jpg 400w, https:\/\/www.idoc.eu\/blog\/wp-content\/uploads\/2021\/01\/Blog-Repair-review-iPhone-11-Pro-800.jpg 800w, https:\/\/www.idoc.eu\/blog\/wp-content\/uploads\/2021\/01\/Blog-Repair-review-iPhone-11-Pro-152.jpg 152w, https:\/\/www.idoc.eu\/blog\/wp-content\/uploads\/2021\/01\/Blog-Repair-review-iPhone-11-Pro-304.jpg 304w, https:\/\/www.idoc.eu\/blog\/wp-content\/uploads\/2021\/01\/Blog-Repair-review-iPhone-11-Pro-222.jpg 222w, https:\/\/www.idoc.eu\/blog\/wp-content\/uploads\/2021\/01\/Blog-Repair-review-iPhone-11-Pro-444.jpg 444w, https:\/\/www.idoc.eu\/blog\/wp-content\/uploads\/2021\/01\/Blog-Repair-review-iPhone-11-Pro-254.jpg 254w, https:\/\/www.idoc.eu\/blog\/wp-content\/uploads\/2021\/01\/Blog-Repair-review-iPhone-11-Pro-508.jpg 508w, https:\/\/www.idoc.eu\/blog\/wp-content\/uploads\/2021\/01\/Blog-Repair-review-iPhone-11-Pro-209.jpg 209w, https:\/\/www.idoc.eu\/blog\/wp-content\/uploads\/2021\/01\/Blog-Repair-review-iPhone-11-Pro-418.jpg 418w, https:\/\/www.idoc.eu\/blog\/wp-content\/uploads\/2021\/01\/Blog-Repair-review-iPhone-11-Pro-608.jpg 608w, https:\/\/www.idoc.eu\/blog\/wp-content\/uploads\/2021\/01\/Blog-Repair-review-iPhone-11-Pro-348.jpg 348w, https:\/\/www.idoc.eu\/blog\/wp-content\/uploads\/2021\/01\/Blog-Repair-review-iPhone-11-Pro-696.jpg 696w, https:\/\/www.idoc.eu\/blog\/wp-content\/uploads\/2021\/01\/Blog-Repair-review-iPhone-11-Pro-58.jpg 58w, https:\/\/www.idoc.eu\/blog\/wp-content\/uploads\/2021\/01\/Blog-Repair-review-iPhone-11-Pro-116.jpg 116w, https:\/\/www.idoc.eu\/blog\/wp-content\/uploads\/2021\/01\/Blog-Repair-review-iPhone-11-Pro-92.jpg 92w, https:\/\/www.idoc.eu\/blog\/wp-content\/uploads\/2021\/01\/Blog-Repair-review-iPhone-11-Pro-184.jpg 184w, https:\/\/www.idoc.eu\/blog\/wp-content\/uploads\/2021\/01\/Blog-Repair-review-iPhone-11-Pro-660.jpg 660w, https:\/\/www.idoc.eu\/blog\/wp-content\/uploads\/2021\/01\/Blog-Repair-review-iPhone-11-Pro-1320.jpg 1320w, https:\/\/www.idoc.eu\/blog\/wp-content\/uploads\/2021\/01\/Blog-Repair-review-iPhone-11-Pro-960.jpg 960w, https:\/\/www.idoc.eu\/blog\/wp-content\/uploads\/2021\/01\/Blog-Repair-review-iPhone-11-Pro-1100.jpg 1100w, https:\/\/www.idoc.eu\/blog\/wp-content\/uploads\/2021\/01\/Blog-Repair-review-iPhone-11-Pro-321.jpg 321w, https:\/\/www.idoc.eu\/blog\/wp-content\/uploads\/2021\/01\/Blog-Repair-review-iPhone-11-Pro-642.jpg 642w, https:\/\/www.idoc.eu\/blog\/wp-content\/uploads\/2021\/01\/Blog-Repair-review-iPhone-11-Pro-468.jpg 468w, https:\/\/www.idoc.eu\/blog\/wp-content\/uploads\/2021\/01\/Blog-Repair-review-iPhone-11-Pro-936.jpg 936w, https:\/\/www.idoc.eu\/blog\/wp-content\/uploads\/2021\/01\/Blog-Repair-review-iPhone-11-Pro-536.jpg 536w, https:\/\/www.idoc.eu\/blog\/wp-content\/uploads\/2021\/01\/Blog-Repair-review-iPhone-11-Pro-1072.jpg 1072w, https:\/\/www.idoc.eu\/blog\/wp-content\/uploads\/2021\/01\/Blog-Repair-review-iPhone-11-Pro-195.jpg 195w, https:\/\/www.idoc.eu\/blog\/wp-content\/uploads\/2021\/01\/Blog-Repair-review-iPhone-11-Pro-390.jpg 390w, https:\/\/www.idoc.eu\/blog\/wp-content\/uploads\/2021\/01\/Blog-Repair-review-iPhone-11-Pro.jpg 1720w\" sizes=\"(max-width: 1024px) 100vw, 1024px\" \/><figcaption>Das iPhone 11 Pro konnte in unsere Review 42 Punkte holen.<\/figcaption><\/figure>\n\n\n\n<p>Lass dich von der Bewertung aber nicht entmutigen: Display und Akku sind gut erreichbar und lassen sich mit wenigen Handgriffen tauschen. Willst du aber beispielsweise den Lightning Connector tauschen, solltest du dich auf eine Vielzahl von Schrauben einstellen. Diese Reparatur empfehlen wir also eher erfahrenen HeimwerkerInnen.&nbsp;<\/p>\n\n\n\n<h2>Im Detail: Wo konnte sich das iPhone 11 Pro Punkte sichern, wo gibt es Kritik?<\/h2>\n\n\n\n<ul><li>Wie bei den Vorg\u00e4ngern auch l\u00e4sst sich das iPhone 11 Pro \u00fcber das Display \u00f6ffnen. Der Kleber ist nicht sehr hartn\u00e4ckig, sodass du hier schnell zum Erfolg kommst. Etwas tricky ist lediglich das Aufklappen der Bildschirmeinheit: Pass hier auf, keine Kabel, die das Display mit der Platine verbinden, zu zerrei\u00dfen.&nbsp;<\/li><li>Hast du das iPhone erstmal ge\u00f6ffnet, l\u00e4sst sich das Display mit wenigen Handgriffen wechseln. Denk aber daran, deine original H\u00f6rmuschel, die auf der Bildschirmeinheit sitzt, zu \u00fcbernehmen. Dies ist n\u00f6tig, um Face ID auch nach der Reparatur nutzen zu k\u00f6nnen.&nbsp;<\/li><\/ul>\n\n\n\n<figure class=\"wp-block-image size-large is-resized\"><img loading=\"lazy\" src=\"https:\/\/www.idoc.eu\/blog\/wp-content\/uploads\/2021\/01\/Hoermuschel_iPhone11Pro.jpg\" alt=\"H\u00f6rmuschel iPhone 11 Pro\" class=\"wp-image-7761\" width=\"645\" height=\"375\" srcset=\"https:\/\/www.idoc.eu\/blog\/wp-content\/uploads\/2021\/01\/Hoermuschel_iPhone11Pro.jpg 860w, https:\/\/www.idoc.eu\/blog\/wp-content\/uploads\/2021\/01\/Hoermuschel_iPhone11Pro-600.jpg 600w, https:\/\/www.idoc.eu\/blog\/wp-content\/uploads\/2021\/01\/Hoermuschel_iPhone11Pro-300.jpg 300w, https:\/\/www.idoc.eu\/blog\/wp-content\/uploads\/2021\/01\/Hoermuschel_iPhone11Pro-768.jpg 768w, https:\/\/www.idoc.eu\/blog\/wp-content\/uploads\/2021\/01\/Hoermuschel_iPhone11Pro-200.jpg 200w, https:\/\/www.idoc.eu\/blog\/wp-content\/uploads\/2021\/01\/Hoermuschel_iPhone11Pro-520.jpg 520w, https:\/\/www.idoc.eu\/blog\/wp-content\/uploads\/2021\/01\/Hoermuschel_iPhone11Pro-400.jpg 400w, https:\/\/www.idoc.eu\/blog\/wp-content\/uploads\/2021\/01\/Hoermuschel_iPhone11Pro-800.jpg 800w, https:\/\/www.idoc.eu\/blog\/wp-content\/uploads\/2021\/01\/Hoermuschel_iPhone11Pro-152.jpg 152w, https:\/\/www.idoc.eu\/blog\/wp-content\/uploads\/2021\/01\/Hoermuschel_iPhone11Pro-304.jpg 304w, https:\/\/www.idoc.eu\/blog\/wp-content\/uploads\/2021\/01\/Hoermuschel_iPhone11Pro-222.jpg 222w, https:\/\/www.idoc.eu\/blog\/wp-content\/uploads\/2021\/01\/Hoermuschel_iPhone11Pro-444.jpg 444w, https:\/\/www.idoc.eu\/blog\/wp-content\/uploads\/2021\/01\/Hoermuschel_iPhone11Pro-254.jpg 254w, https:\/\/www.idoc.eu\/blog\/wp-content\/uploads\/2021\/01\/Hoermuschel_iPhone11Pro-508.jpg 508w, https:\/\/www.idoc.eu\/blog\/wp-content\/uploads\/2021\/01\/Hoermuschel_iPhone11Pro-209.jpg 209w, https:\/\/www.idoc.eu\/blog\/wp-content\/uploads\/2021\/01\/Hoermuschel_iPhone11Pro-418.jpg 418w, https:\/\/www.idoc.eu\/blog\/wp-content\/uploads\/2021\/01\/Hoermuschel_iPhone11Pro-608.jpg 608w, https:\/\/www.idoc.eu\/blog\/wp-content\/uploads\/2021\/01\/Hoermuschel_iPhone11Pro-348.jpg 348w, https:\/\/www.idoc.eu\/blog\/wp-content\/uploads\/2021\/01\/Hoermuschel_iPhone11Pro-696.jpg 696w, https:\/\/www.idoc.eu\/blog\/wp-content\/uploads\/2021\/01\/Hoermuschel_iPhone11Pro-58.jpg 58w, https:\/\/www.idoc.eu\/blog\/wp-content\/uploads\/2021\/01\/Hoermuschel_iPhone11Pro-116.jpg 116w, https:\/\/www.idoc.eu\/blog\/wp-content\/uploads\/2021\/01\/Hoermuschel_iPhone11Pro-92.jpg 92w, https:\/\/www.idoc.eu\/blog\/wp-content\/uploads\/2021\/01\/Hoermuschel_iPhone11Pro-184.jpg 184w, https:\/\/www.idoc.eu\/blog\/wp-content\/uploads\/2021\/01\/Hoermuschel_iPhone11Pro-660.jpg 660w, https:\/\/www.idoc.eu\/blog\/wp-content\/uploads\/2021\/01\/Hoermuschel_iPhone11Pro-321.jpg 321w, https:\/\/www.idoc.eu\/blog\/wp-content\/uploads\/2021\/01\/Hoermuschel_iPhone11Pro-642.jpg 642w, https:\/\/www.idoc.eu\/blog\/wp-content\/uploads\/2021\/01\/Hoermuschel_iPhone11Pro-468.jpg 468w, https:\/\/www.idoc.eu\/blog\/wp-content\/uploads\/2021\/01\/Hoermuschel_iPhone11Pro-536.jpg 536w, https:\/\/www.idoc.eu\/blog\/wp-content\/uploads\/2021\/01\/Hoermuschel_iPhone11Pro-195.jpg 195w, https:\/\/www.idoc.eu\/blog\/wp-content\/uploads\/2021\/01\/Hoermuschel_iPhone11Pro-390.jpg 390w\" sizes=\"(max-width: 645px) 100vw, 645px\" \/><figcaption>Die H\u00f6rmuschel musst du beim Displaytausch vom alten Bildschirm \u00fcbernehmen.<\/figcaption><\/figure>\n\n\n\n<ul><li>Das Innere des iPhone 11 Pro wirkt sehr aufger\u00e4umt, verbirgt unter Abdeckblechen allerdings einen ziemlich verschachtelten Aufbau. Viele Schrauben in unterschiedlichen L\u00e4ngen machen die Reparatur un\u00fcbersichtlich. Hier ist eine gute <a href=\"https:\/\/www.idoc.eu\/de\/idoc-magnetmatte?c=2316?sPartner=blog\">Schraubenaufbewahrung<\/a> wichtig.&nbsp;<\/li><\/ul>\n\n\n\n<div class=\"wp-container-3 wp-block-columns\">\n<div class=\"wp-container-1 wp-block-column\">\n<figure class=\"wp-block-image size-large\"><img loading=\"lazy\" width=\"860\" height=\"500\" src=\"https:\/\/www.idoc.eu\/blog\/wp-content\/uploads\/2021\/01\/aufgeraeumter-Innenaufbau.jpg\" alt=\"Innenaufbau iPhone 11 Pro\" class=\"wp-image-7763\" srcset=\"https:\/\/www.idoc.eu\/blog\/wp-content\/uploads\/2021\/01\/aufgeraeumter-Innenaufbau.jpg 860w, https:\/\/www.idoc.eu\/blog\/wp-content\/uploads\/2021\/01\/aufgeraeumter-Innenaufbau-600.jpg 600w, https:\/\/www.idoc.eu\/blog\/wp-content\/uploads\/2021\/01\/aufgeraeumter-Innenaufbau-300.jpg 300w, https:\/\/www.idoc.eu\/blog\/wp-content\/uploads\/2021\/01\/aufgeraeumter-Innenaufbau-768.jpg 768w, https:\/\/www.idoc.eu\/blog\/wp-content\/uploads\/2021\/01\/aufgeraeumter-Innenaufbau-200.jpg 200w, https:\/\/www.idoc.eu\/blog\/wp-content\/uploads\/2021\/01\/aufgeraeumter-Innenaufbau-520.jpg 520w, https:\/\/www.idoc.eu\/blog\/wp-content\/uploads\/2021\/01\/aufgeraeumter-Innenaufbau-400.jpg 400w, https:\/\/www.idoc.eu\/blog\/wp-content\/uploads\/2021\/01\/aufgeraeumter-Innenaufbau-800.jpg 800w, https:\/\/www.idoc.eu\/blog\/wp-content\/uploads\/2021\/01\/aufgeraeumter-Innenaufbau-152.jpg 152w, https:\/\/www.idoc.eu\/blog\/wp-content\/uploads\/2021\/01\/aufgeraeumter-Innenaufbau-304.jpg 304w, https:\/\/www.idoc.eu\/blog\/wp-content\/uploads\/2021\/01\/aufgeraeumter-Innenaufbau-222.jpg 222w, https:\/\/www.idoc.eu\/blog\/wp-content\/uploads\/2021\/01\/aufgeraeumter-Innenaufbau-444.jpg 444w, https:\/\/www.idoc.eu\/blog\/wp-content\/uploads\/2021\/01\/aufgeraeumter-Innenaufbau-254.jpg 254w, https:\/\/www.idoc.eu\/blog\/wp-content\/uploads\/2021\/01\/aufgeraeumter-Innenaufbau-508.jpg 508w, https:\/\/www.idoc.eu\/blog\/wp-content\/uploads\/2021\/01\/aufgeraeumter-Innenaufbau-209.jpg 209w, https:\/\/www.idoc.eu\/blog\/wp-content\/uploads\/2021\/01\/aufgeraeumter-Innenaufbau-418.jpg 418w, https:\/\/www.idoc.eu\/blog\/wp-content\/uploads\/2021\/01\/aufgeraeumter-Innenaufbau-608.jpg 608w, https:\/\/www.idoc.eu\/blog\/wp-content\/uploads\/2021\/01\/aufgeraeumter-Innenaufbau-348.jpg 348w, https:\/\/www.idoc.eu\/blog\/wp-content\/uploads\/2021\/01\/aufgeraeumter-Innenaufbau-696.jpg 696w, https:\/\/www.idoc.eu\/blog\/wp-content\/uploads\/2021\/01\/aufgeraeumter-Innenaufbau-58.jpg 58w, https:\/\/www.idoc.eu\/blog\/wp-content\/uploads\/2021\/01\/aufgeraeumter-Innenaufbau-116.jpg 116w, https:\/\/www.idoc.eu\/blog\/wp-content\/uploads\/2021\/01\/aufgeraeumter-Innenaufbau-92.jpg 92w, https:\/\/www.idoc.eu\/blog\/wp-content\/uploads\/2021\/01\/aufgeraeumter-Innenaufbau-184.jpg 184w, https:\/\/www.idoc.eu\/blog\/wp-content\/uploads\/2021\/01\/aufgeraeumter-Innenaufbau-660.jpg 660w, https:\/\/www.idoc.eu\/blog\/wp-content\/uploads\/2021\/01\/aufgeraeumter-Innenaufbau-321.jpg 321w, https:\/\/www.idoc.eu\/blog\/wp-content\/uploads\/2021\/01\/aufgeraeumter-Innenaufbau-642.jpg 642w, https:\/\/www.idoc.eu\/blog\/wp-content\/uploads\/2021\/01\/aufgeraeumter-Innenaufbau-468.jpg 468w, https:\/\/www.idoc.eu\/blog\/wp-content\/uploads\/2021\/01\/aufgeraeumter-Innenaufbau-536.jpg 536w, https:\/\/www.idoc.eu\/blog\/wp-content\/uploads\/2021\/01\/aufgeraeumter-Innenaufbau-195.jpg 195w, https:\/\/www.idoc.eu\/blog\/wp-content\/uploads\/2021\/01\/aufgeraeumter-Innenaufbau-390.jpg 390w\" sizes=\"(max-width: 860px) 100vw, 860px\" \/><figcaption>Auf den ersten Blick wirkt das iPhone 11 Pro sehr aufger\u00e4umt.<\/figcaption><\/figure>\n<\/div>\n\n\n\n<div class=\"wp-container-2 wp-block-column\">\n<figure class=\"wp-block-image size-large\"><img loading=\"lazy\" width=\"860\" height=\"500\" src=\"https:\/\/www.idoc.eu\/blog\/wp-content\/uploads\/2021\/01\/RepairReview-verschachteltesiPhone11Pro.jpg\" alt=\"Verschachtelung im iPhone 11 Pro\" class=\"wp-image-7762\" srcset=\"https:\/\/www.idoc.eu\/blog\/wp-content\/uploads\/2021\/01\/RepairReview-verschachteltesiPhone11Pro.jpg 860w, https:\/\/www.idoc.eu\/blog\/wp-content\/uploads\/2021\/01\/RepairReview-verschachteltesiPhone11Pro-600.jpg 600w, https:\/\/www.idoc.eu\/blog\/wp-content\/uploads\/2021\/01\/RepairReview-verschachteltesiPhone11Pro-300.jpg 300w, https:\/\/www.idoc.eu\/blog\/wp-content\/uploads\/2021\/01\/RepairReview-verschachteltesiPhone11Pro-768.jpg 768w, https:\/\/www.idoc.eu\/blog\/wp-content\/uploads\/2021\/01\/RepairReview-verschachteltesiPhone11Pro-200.jpg 200w, https:\/\/www.idoc.eu\/blog\/wp-content\/uploads\/2021\/01\/RepairReview-verschachteltesiPhone11Pro-520.jpg 520w, https:\/\/www.idoc.eu\/blog\/wp-content\/uploads\/2021\/01\/RepairReview-verschachteltesiPhone11Pro-400.jpg 400w, https:\/\/www.idoc.eu\/blog\/wp-content\/uploads\/2021\/01\/RepairReview-verschachteltesiPhone11Pro-800.jpg 800w, https:\/\/www.idoc.eu\/blog\/wp-content\/uploads\/2021\/01\/RepairReview-verschachteltesiPhone11Pro-152.jpg 152w, https:\/\/www.idoc.eu\/blog\/wp-content\/uploads\/2021\/01\/RepairReview-verschachteltesiPhone11Pro-304.jpg 304w, https:\/\/www.idoc.eu\/blog\/wp-content\/uploads\/2021\/01\/RepairReview-verschachteltesiPhone11Pro-222.jpg 222w, https:\/\/www.idoc.eu\/blog\/wp-content\/uploads\/2021\/01\/RepairReview-verschachteltesiPhone11Pro-444.jpg 444w, https:\/\/www.idoc.eu\/blog\/wp-content\/uploads\/2021\/01\/RepairReview-verschachteltesiPhone11Pro-254.jpg 254w, https:\/\/www.idoc.eu\/blog\/wp-content\/uploads\/2021\/01\/RepairReview-verschachteltesiPhone11Pro-508.jpg 508w, https:\/\/www.idoc.eu\/blog\/wp-content\/uploads\/2021\/01\/RepairReview-verschachteltesiPhone11Pro-209.jpg 209w, https:\/\/www.idoc.eu\/blog\/wp-content\/uploads\/2021\/01\/RepairReview-verschachteltesiPhone11Pro-418.jpg 418w, https:\/\/www.idoc.eu\/blog\/wp-content\/uploads\/2021\/01\/RepairReview-verschachteltesiPhone11Pro-608.jpg 608w, https:\/\/www.idoc.eu\/blog\/wp-content\/uploads\/2021\/01\/RepairReview-verschachteltesiPhone11Pro-348.jpg 348w, https:\/\/www.idoc.eu\/blog\/wp-content\/uploads\/2021\/01\/RepairReview-verschachteltesiPhone11Pro-696.jpg 696w, https:\/\/www.idoc.eu\/blog\/wp-content\/uploads\/2021\/01\/RepairReview-verschachteltesiPhone11Pro-58.jpg 58w, https:\/\/www.idoc.eu\/blog\/wp-content\/uploads\/2021\/01\/RepairReview-verschachteltesiPhone11Pro-116.jpg 116w, https:\/\/www.idoc.eu\/blog\/wp-content\/uploads\/2021\/01\/RepairReview-verschachteltesiPhone11Pro-92.jpg 92w, https:\/\/www.idoc.eu\/blog\/wp-content\/uploads\/2021\/01\/RepairReview-verschachteltesiPhone11Pro-184.jpg 184w, https:\/\/www.idoc.eu\/blog\/wp-content\/uploads\/2021\/01\/RepairReview-verschachteltesiPhone11Pro-660.jpg 660w, https:\/\/www.idoc.eu\/blog\/wp-content\/uploads\/2021\/01\/RepairReview-verschachteltesiPhone11Pro-321.jpg 321w, https:\/\/www.idoc.eu\/blog\/wp-content\/uploads\/2021\/01\/RepairReview-verschachteltesiPhone11Pro-642.jpg 642w, https:\/\/www.idoc.eu\/blog\/wp-content\/uploads\/2021\/01\/RepairReview-verschachteltesiPhone11Pro-468.jpg 468w, https:\/\/www.idoc.eu\/blog\/wp-content\/uploads\/2021\/01\/RepairReview-verschachteltesiPhone11Pro-536.jpg 536w, https:\/\/www.idoc.eu\/blog\/wp-content\/uploads\/2021\/01\/RepairReview-verschachteltesiPhone11Pro-195.jpg 195w, https:\/\/www.idoc.eu\/blog\/wp-content\/uploads\/2021\/01\/RepairReview-verschachteltesiPhone11Pro-390.jpg 390w\" sizes=\"(max-width: 860px) 100vw, 860px\" \/><figcaption>Unter den Abdeckblechen sitzen verschiedene Konnektoren. <\/figcaption><\/figure>\n<\/div>\n<\/div>\n\n\n\n<ul><li>Sehr gut finden wir, dass nahezu jedes Kleinteil im iPhone 11 Pro separat auszubauen ist. Du kannst also fast jedes Problem selbst beheben. Der Markt f\u00fcr Ersatzteil ist gro\u00df, sodass du auch passende Komponenten findest.<\/li><li>Auch der Akkuausbau \u00fcberzeugt uns. Durch die Klebestreifen, die von oben erreichbar sind, musst du nicht mit zus\u00e4tzlicher Hitze arbeiten, um die Batterie herausnehmen zu k\u00f6nnen.<\/li><\/ul>\n\n\n\n<figure class=\"wp-block-image size-large is-resized\"><img loading=\"lazy\" src=\"https:\/\/www.idoc.eu\/blog\/wp-content\/uploads\/2021\/01\/Akkuklebestreifen.jpg\" alt=\"Akkuklebestreifen\" class=\"wp-image-7764\" width=\"645\" height=\"375\" srcset=\"https:\/\/www.idoc.eu\/blog\/wp-content\/uploads\/2021\/01\/Akkuklebestreifen.jpg 860w, https:\/\/www.idoc.eu\/blog\/wp-content\/uploads\/2021\/01\/Akkuklebestreifen-600.jpg 600w, https:\/\/www.idoc.eu\/blog\/wp-content\/uploads\/2021\/01\/Akkuklebestreifen-300.jpg 300w, https:\/\/www.idoc.eu\/blog\/wp-content\/uploads\/2021\/01\/Akkuklebestreifen-768.jpg 768w, https:\/\/www.idoc.eu\/blog\/wp-content\/uploads\/2021\/01\/Akkuklebestreifen-200.jpg 200w, https:\/\/www.idoc.eu\/blog\/wp-content\/uploads\/2021\/01\/Akkuklebestreifen-520.jpg 520w, https:\/\/www.idoc.eu\/blog\/wp-content\/uploads\/2021\/01\/Akkuklebestreifen-400.jpg 400w, https:\/\/www.idoc.eu\/blog\/wp-content\/uploads\/2021\/01\/Akkuklebestreifen-800.jpg 800w, https:\/\/www.idoc.eu\/blog\/wp-content\/uploads\/2021\/01\/Akkuklebestreifen-152.jpg 152w, https:\/\/www.idoc.eu\/blog\/wp-content\/uploads\/2021\/01\/Akkuklebestreifen-304.jpg 304w, https:\/\/www.idoc.eu\/blog\/wp-content\/uploads\/2021\/01\/Akkuklebestreifen-222.jpg 222w, https:\/\/www.idoc.eu\/blog\/wp-content\/uploads\/2021\/01\/Akkuklebestreifen-444.jpg 444w, https:\/\/www.idoc.eu\/blog\/wp-content\/uploads\/2021\/01\/Akkuklebestreifen-254.jpg 254w, https:\/\/www.idoc.eu\/blog\/wp-content\/uploads\/2021\/01\/Akkuklebestreifen-508.jpg 508w, https:\/\/www.idoc.eu\/blog\/wp-content\/uploads\/2021\/01\/Akkuklebestreifen-209.jpg 209w, https:\/\/www.idoc.eu\/blog\/wp-content\/uploads\/2021\/01\/Akkuklebestreifen-418.jpg 418w, https:\/\/www.idoc.eu\/blog\/wp-content\/uploads\/2021\/01\/Akkuklebestreifen-608.jpg 608w, https:\/\/www.idoc.eu\/blog\/wp-content\/uploads\/2021\/01\/Akkuklebestreifen-348.jpg 348w, https:\/\/www.idoc.eu\/blog\/wp-content\/uploads\/2021\/01\/Akkuklebestreifen-696.jpg 696w, https:\/\/www.idoc.eu\/blog\/wp-content\/uploads\/2021\/01\/Akkuklebestreifen-58.jpg 58w, https:\/\/www.idoc.eu\/blog\/wp-content\/uploads\/2021\/01\/Akkuklebestreifen-116.jpg 116w, https:\/\/www.idoc.eu\/blog\/wp-content\/uploads\/2021\/01\/Akkuklebestreifen-92.jpg 92w, https:\/\/www.idoc.eu\/blog\/wp-content\/uploads\/2021\/01\/Akkuklebestreifen-184.jpg 184w, https:\/\/www.idoc.eu\/blog\/wp-content\/uploads\/2021\/01\/Akkuklebestreifen-660.jpg 660w, https:\/\/www.idoc.eu\/blog\/wp-content\/uploads\/2021\/01\/Akkuklebestreifen-321.jpg 321w, https:\/\/www.idoc.eu\/blog\/wp-content\/uploads\/2021\/01\/Akkuklebestreifen-642.jpg 642w, https:\/\/www.idoc.eu\/blog\/wp-content\/uploads\/2021\/01\/Akkuklebestreifen-468.jpg 468w, https:\/\/www.idoc.eu\/blog\/wp-content\/uploads\/2021\/01\/Akkuklebestreifen-536.jpg 536w, https:\/\/www.idoc.eu\/blog\/wp-content\/uploads\/2021\/01\/Akkuklebestreifen-195.jpg 195w, https:\/\/www.idoc.eu\/blog\/wp-content\/uploads\/2021\/01\/Akkuklebestreifen-390.jpg 390w\" sizes=\"(max-width: 645px) 100vw, 645px\" \/><figcaption>Der Akku ist mit speziellen Klebestreifen im Ger\u00e4t angebracht.<\/figcaption><\/figure>\n\n\n\n<ul><li>Da Apple im iPhone 11 Pro auf insgesamt vier verschiedene Schraubentypen setzt, ben\u00f6tigst du f\u00fcr die Reparatur ziemlich viele Werkzeuge. Hier gibt es unserer Meinung nach Optimierungsbedarf.<\/li><li>Punkte b\u00fc\u00dft das iPhone 11 Pro durch Softwareeinschr\u00e4nkungen ein, die nach einer Reparatur auftauchen k\u00f6nnen. So ist es beispielsweise nicht m\u00f6glich, die Frontkamera oder die H\u00f6rmuschel zu tauschen, ohne auf Face ID verzichten zu m\u00fcssen.<\/li><li>Au\u00dferdem finden wir es schade, dass keine <a href=\"https:\/\/www.idoc.eu\/blog\/die-wichtigsten-informationen-zu-originalen-ersatzteilen-fuer-das-iphone\/\">Original-Ersatzteile f\u00fcr Apple-Ger\u00e4te<\/a> zur Verf\u00fcgung gestellt werden. Der Originalzustand des iPhone 11 Pro l\u00e4sst sich also nicht wiederherstellen.<\/li><li>Im Ger\u00e4t finden sich keine Hilfestellungen, wie Einkerbungen oder Markierungen, die dir die Reparatur erleichtern k\u00f6nnten. Stattdessen setzt Apple mit Abdeckblechen und flachen Konnektoren auf ein cleanes Aussehen.<\/li><\/ul>\n\n\n\n<h2>Auf einen Blick: So kommt das Ergebnis des iPhone 11 Pro zustande<\/h2>\n\n\n\n<ul><li>Das iPhone 11 Pro l\u00e4sst sich gut \u00f6ffnen.<\/li><li>F\u00fcr nahezu jeden Defekt findest du <a href=\"https:\/\/www.idoc.eu\/de\/ersatzteile\/apple\/iphone-11-pro\/?sPartner=blog\">iPhone 11 Pro Ersatzteile<\/a>.<\/li><li>Du kannst den Originalzustand nicht wiederherstellen.&nbsp;<\/li><li>Der Displaytausch l\u00e4sst sich gut realisieren.<\/li><li>Der Akku l\u00e4sst sich gut tauschen.&nbsp;<\/li><li>Mit Fingerspitzengef\u00fchl und einem guten Ordnungssystem sind fast alle Komponenten austauschbar.&nbsp;<\/li><li>Viele unterschiedliche Schraubenl\u00e4ngen erschweren die Reparatur des iPhone 11 Pro.<\/li><li>F\u00fcr die Reparatur ben\u00f6tigst du eine gute <a href=\"https:\/\/www.idoc.eu\/de\/werkzeugset-iphone-12-tlg.?sPartner=blog\">Ausstattung<\/a>, die mindestens vier verschiedene Schraubendreher enth\u00e4lt.&nbsp;<\/li><li>Der Hersteller vereinfacht die Reparatur nicht.<\/li><\/ul>\n","protected":false},"excerpt":{"rendered":"<p>Kannst du Akku, Display und Co. vom iPhone 11 Pro selbst reparieren oder solltest du lieber die Finger davon lassen? In dieser Review geben wir dir einen Einblick, wie gut sich das Apple-Ger\u00e4t reparieren l\u00e4sst.<\/p>\n","protected":false},"author":22,"featured_media":7837,"comment_status":"open","ping_status":"open","sticky":false,"template":"","format":"standard","meta":[],"categories":[5],"tags":[1717,1718,1736],"acf":[],"yoast_head":"<!-- This site is optimized with the Yoast SEO plugin v19.8 - https:\/\/yoast.com\/wordpress\/plugins\/seo\/ -->\n<title>Das iPhone 11 Pro in der Repair Review: DIY oder Finger weg? - iDoc<\/title>\n<meta name=\"description\" content=\"Wir geben Einblicke in das iPhone 11 Pro und verraten dir, ob du die Reparatur selbst schaffst, um ordentlich Geld zu sparen.\" \/>\n<meta name=\"robots\" content=\"index, follow, max-snippet:-1, max-image-preview:large, max-video-preview:-1\" \/>\n<link rel=\"canonical\" href=\"https:\/\/www.idoc.eu\/blog\/repair-review-iphone11pro\/\" \/>\n<meta property=\"og:locale\" content=\"de_DE\" \/>\n<meta property=\"og:type\" content=\"article\" \/>\n<meta property=\"og:title\" content=\"Das iPhone 11 Pro in der Repair Review: DIY oder Finger weg? - iDoc\" \/>\n<meta property=\"og:description\" content=\"Wir geben Einblicke in das iPhone 11 Pro und verraten dir, ob du die Reparatur selbst schaffst, um ordentlich Geld zu sparen.\" \/>\n<meta property=\"og:url\" content=\"https:\/\/www.idoc.eu\/blog\/repair-review-iphone11pro\/\" \/>\n<meta property=\"og:site_name\" content=\"Blog\" \/>\n<meta property=\"article:publisher\" content=\"https:\/\/www.facebook.com\/iDocEurope\" \/>\n<meta property=\"article:published_time\" content=\"2021-01-13T13:05:39+00:00\" \/>\n<meta property=\"article:modified_time\" content=\"2021-02-25T12:32:54+00:00\" \/>\n<meta property=\"og:image\" content=\"https:\/\/www.idoc.eu\/blog\/wp-content\/uploads\/2021\/01\/iPhone11Pro.jpg\" \/>\n\t<meta property=\"og:image:width\" content=\"2200\" \/>\n\t<meta property=\"og:image:height\" content=\"1380\" \/>\n\t<meta property=\"og:image:type\" content=\"image\/jpeg\" \/>\n<meta name=\"author\" content=\"sabine\" \/>\n<meta name=\"twitter:label1\" content=\"Verfasst von\" \/>\n\t<meta name=\"twitter:data1\" content=\"sabine\" \/>\n\t<meta name=\"twitter:label2\" content=\"Gesch\u00e4tzte Lesezeit\" \/>\n\t<meta name=\"twitter:data2\" content=\"4\u00a0Minuten\" \/>\n<script type=\"application\/ld+json\" class=\"yoast-schema-graph\">{\"@context\":\"https:\/\/schema.org\",\"@graph\":[{\"@type\":\"WebPage\",\"@id\":\"https:\/\/www.idoc.eu\/blog\/repair-review-iphone11pro\/\",\"url\":\"https:\/\/www.idoc.eu\/blog\/repair-review-iphone11pro\/\",\"name\":\"Das iPhone 11 Pro in der Repair Review: DIY oder Finger weg? - iDoc\",\"isPartOf\":{\"@id\":\"https:\/\/www.idoc.eu\/blog\/#website\"},\"datePublished\":\"2021-01-13T13:05:39+00:00\",\"dateModified\":\"2021-02-25T12:32:54+00:00\",\"author\":{\"@id\":\"https:\/\/www.idoc.eu\/blog\/#\/schema\/person\/7a3a180effd8f997334c3a65d22c11c7\"},\"description\":\"Wir geben Einblicke in das iPhone 11 Pro und verraten dir, ob du die Reparatur selbst schaffst, um ordentlich Geld zu sparen.\",\"breadcrumb\":{\"@id\":\"https:\/\/www.idoc.eu\/blog\/repair-review-iphone11pro\/#breadcrumb\"},\"inLanguage\":\"de\",\"potentialAction\":[{\"@type\":\"ReadAction\",\"target\":[\"https:\/\/www.idoc.eu\/blog\/repair-review-iphone11pro\/\"]}]},{\"@type\":\"BreadcrumbList\",\"@id\":\"https:\/\/www.idoc.eu\/blog\/repair-review-iphone11pro\/#breadcrumb\",\"itemListElement\":[{\"@type\":\"ListItem\",\"position\":1,\"name\":\"Home\",\"item\":\"https:\/\/www.idoc.eu\/blog\/\"},{\"@type\":\"ListItem\",\"position\":2,\"name\":\"Das iPhone 11 Pro in der Repair Review: DIY oder Finger weg?\"}]},{\"@type\":\"WebSite\",\"@id\":\"https:\/\/www.idoc.eu\/blog\/#website\",\"url\":\"https:\/\/www.idoc.eu\/blog\/\",\"name\":\"Blog\",\"description\":\"Finde Empfehlungen rund um deine Smartphone-Reparatur: von der richtigen Werkzeugauswahl, \u00fcber Tipps und Tricks f\u00fcr einen erfolgreichen Abschluss bis hin zu Reviews einzelner Smartphone-Reparaturen. Erhalte auch Software-Tipps, um dein Smartphone noch optimaler nutzen zu k\u00f6nnen.\",\"potentialAction\":[{\"@type\":\"SearchAction\",\"target\":{\"@type\":\"EntryPoint\",\"urlTemplate\":\"https:\/\/www.idoc.eu\/blog\/?s={search_term_string}\"},\"query-input\":\"required name=search_term_string\"}],\"inLanguage\":\"de\"},{\"@type\":\"Person\",\"@id\":\"https:\/\/www.idoc.eu\/blog\/#\/schema\/person\/7a3a180effd8f997334c3a65d22c11c7\",\"name\":\"sabine\",\"image\":{\"@type\":\"ImageObject\",\"inLanguage\":\"de\",\"@id\":\"https:\/\/www.idoc.eu\/blog\/#\/schema\/person\/image\/\",\"url\":\"https:\/\/secure.gravatar.com\/avatar\/498cfbe6a9f33031d713fa806b482157?s=96&d=mm&r=g\",\"contentUrl\":\"https:\/\/secure.gravatar.com\/avatar\/498cfbe6a9f33031d713fa806b482157?s=96&d=mm&r=g\",\"caption\":\"sabine\"},\"url\":\"https:\/\/www.idoc.eu\/blog\/author\/sabine\/\"}]}<\/script>\n<!-- \/ Yoast SEO plugin. -->","yoast_head_json":{"title":"Das iPhone 11 Pro in der Repair Review: DIY oder Finger weg? - iDoc","description":"Wir geben Einblicke in das iPhone 11 Pro und verraten dir, ob du die Reparatur selbst schaffst, um ordentlich Geld zu sparen.","robots":{"index":"index","follow":"follow","max-snippet":"max-snippet:-1","max-image-preview":"max-image-preview:large","max-video-preview":"max-video-preview:-1"},"canonical":"https:\/\/www.idoc.eu\/blog\/repair-review-iphone11pro\/","og_locale":"de_DE","og_type":"article","og_title":"Das iPhone 11 Pro in der Repair Review: DIY oder Finger weg? - iDoc","og_description":"Wir geben Einblicke in das iPhone 11 Pro und verraten dir, ob du die Reparatur selbst schaffst, um ordentlich Geld zu sparen.","og_url":"https:\/\/www.idoc.eu\/blog\/repair-review-iphone11pro\/","og_site_name":"Blog","article_publisher":"https:\/\/www.facebook.com\/iDocEurope","article_published_time":"2021-01-13T13:05:39+00:00","article_modified_time":"2021-02-25T12:32:54+00:00","og_image":[{"width":2200,"height":1380,"url":"https:\/\/www.idoc.eu\/blog\/wp-content\/uploads\/2021\/01\/iPhone11Pro.jpg","type":"image\/jpeg"}],"author":"sabine","twitter_misc":{"Verfasst von":"sabine","Gesch\u00e4tzte Lesezeit":"4\u00a0Minuten"},"schema":{"@context":"https:\/\/schema.org","@graph":[{"@type":"WebPage","@id":"https:\/\/www.idoc.eu\/blog\/repair-review-iphone11pro\/","url":"https:\/\/www.idoc.eu\/blog\/repair-review-iphone11pro\/","name":"Das iPhone 11 Pro in der Repair Review: DIY oder Finger weg? - iDoc","isPartOf":{"@id":"https:\/\/www.idoc.eu\/blog\/#website"},"datePublished":"2021-01-13T13:05:39+00:00","dateModified":"2021-02-25T12:32:54+00:00","author":{"@id":"https:\/\/www.idoc.eu\/blog\/#\/schema\/person\/7a3a180effd8f997334c3a65d22c11c7"},"description":"Wir geben Einblicke in das iPhone 11 Pro und verraten dir, ob du die Reparatur selbst schaffst, um ordentlich Geld zu sparen.","breadcrumb":{"@id":"https:\/\/www.idoc.eu\/blog\/repair-review-iphone11pro\/#breadcrumb"},"inLanguage":"de","potentialAction":[{"@type":"ReadAction","target":["https:\/\/www.idoc.eu\/blog\/repair-review-iphone11pro\/"]}]},{"@type":"BreadcrumbList","@id":"https:\/\/www.idoc.eu\/blog\/repair-review-iphone11pro\/#breadcrumb","itemListElement":[{"@type":"ListItem","position":1,"name":"Home","item":"https:\/\/www.idoc.eu\/blog\/"},{"@type":"ListItem","position":2,"name":"Das iPhone 11 Pro in der Repair Review: DIY oder Finger weg?"}]},{"@type":"WebSite","@id":"https:\/\/www.idoc.eu\/blog\/#website","url":"https:\/\/www.idoc.eu\/blog\/","name":"Blog","description":"Finde Empfehlungen rund um deine Smartphone-Reparatur: von der richtigen Werkzeugauswahl, \u00fcber Tipps und Tricks f\u00fcr einen erfolgreichen Abschluss bis hin zu Reviews einzelner Smartphone-Reparaturen. Erhalte auch Software-Tipps, um dein Smartphone noch optimaler nutzen zu k\u00f6nnen.","potentialAction":[{"@type":"SearchAction","target":{"@type":"EntryPoint","urlTemplate":"https:\/\/www.idoc.eu\/blog\/?s={search_term_string}"},"query-input":"required name=search_term_string"}],"inLanguage":"de"},{"@type":"Person","@id":"https:\/\/www.idoc.eu\/blog\/#\/schema\/person\/7a3a180effd8f997334c3a65d22c11c7","name":"sabine","image":{"@type":"ImageObject","inLanguage":"de","@id":"https:\/\/www.idoc.eu\/blog\/#\/schema\/person\/image\/","url":"https:\/\/secure.gravatar.com\/avatar\/498cfbe6a9f33031d713fa806b482157?s=96&d=mm&r=g","contentUrl":"https:\/\/secure.gravatar.com\/avatar\/498cfbe6a9f33031d713fa806b482157?s=96&d=mm&r=g","caption":"sabine"},"url":"https:\/\/www.idoc.eu\/blog\/author\/sabine\/"}]}},"_links":{"self":[{"href":"https:\/\/www.idoc.eu\/blog\/wp-json\/wp\/v2\/posts\/7758"}],"collection":[{"href":"https:\/\/www.idoc.eu\/blog\/wp-json\/wp\/v2\/posts"}],"about":[{"href":"https:\/\/www.idoc.eu\/blog\/wp-json\/wp\/v2\/types\/post"}],"author":[{"embeddable":true,"href":"https:\/\/www.idoc.eu\/blog\/wp-json\/wp\/v2\/users\/22"}],"replies":[{"embeddable":true,"href":"https:\/\/www.idoc.eu\/blog\/wp-json\/wp\/v2\/comments?post=7758"}],"version-history":[{"count":0,"href":"https:\/\/www.idoc.eu\/blog\/wp-json\/wp\/v2\/posts\/7758\/revisions"}],"wp:featuredmedia":[{"embeddable":true,"href":"https:\/\/www.idoc.eu\/blog\/wp-json\/wp\/v2\/media\/7837"}],"wp:attachment":[{"href":"https:\/\/www.idoc.eu\/blog\/wp-json\/wp\/v2\/media?parent=7758"}],"wp:term":[{"taxonomy":"category","embeddable":true,"href":"https:\/\/www.idoc.eu\/blog\/wp-json\/wp\/v2\/categories?post=7758"},{"taxonomy":"post_tag","embeddable":true,"href":"https:\/\/www.idoc.eu\/blog\/wp-json\/wp\/v2\/tags?post=7758"}],"curies":[{"name":"wp","href":"https:\/\/api.w.org\/{rel}","templated":true}]}}