{"id":7652,"date":"2021-04-14T10:55:00","date_gmt":"2021-04-14T09:55:00","guid":{"rendered":"https:\/\/www.idoc.eu\/blog\/?p=7652"},"modified":"2023-03-09T11:08:21","modified_gmt":"2023-03-09T10:08:21","slug":"akku-blaeht-sich-auf","status":"publish","type":"post","link":"https:\/\/www.idoc.eu\/blog\/akku-blaeht-sich-auf\/","title":{"rendered":"Dein Akku bl\u00e4ht sich auf? Das kannst du dagegen tun!"},"content":{"rendered":"\n<p>Erst einmal vorweg:  Ein <strong>Akku bl\u00e4ht sich nicht einfach auf<\/strong>, weil dir dein Handy einmal runtergefallen ist. Das gilt sowohl f\u00fcr Originale als auch f\u00fcr <a href=\"https:\/\/www.idoc.eu\/de\/akkus\/?sPartner=blog\">Ersatzakkus<\/a>, die du f\u00fcr eine Reparatur verwendest. Eine falsche Handhabung des Akkus kann jedoch zu Problemen f\u00fchren. Das liegt an seinem technischen Aufbau. <\/p>\n\n\n\n<h2>Chemische Prozesse im Inneren des Akkus<\/h2>\n\n\n\n<p>In so gut wie jedem Smartphone ist heutzutage ein <a href=\"https:\/\/de.wikipedia.org\/wiki\/Lithium-Ionen-Akkumulator\" target=\"_blank\" rel=\"noreferrer noopener nofollow\" class=\"external\">Lithium-Ionen-Akku<\/a> verbaut. Chemische Prozesse im Inneren des Akkus erzeugen Spannung, die wiederum das Ger\u00e4t mit Strom versorgt. Wenn du dein Handy aufl\u00e4dst, wird elektrische Energie in chemische Energie umgewandelt. Wenn du dein Smartphone nutzt, kehrt sich dieser Prozess um und aus chemischer Energie wird elektrische Energie. Diese versorgt dein Ger\u00e4t.<\/p>\n\n\n\n<p>Dieser Vorgang ist durch die Nutzung, aber auch durch die Selbstentladung eines Akkus, st\u00e4ndig im Gange. Doch die chemischen Prozesse k\u00f6nnen durch \u00e4u\u00dfere Einfl\u00fcsse gest\u00f6rt werden. Dann bildet sich Gas im Inneren des Akkus, das versucht sich auszudehnen. Da der Akku selbst nur begrenzt Platz bietet, staut sich das Gas und baut Druck auf. Dieser Druck f\u00fchrt letztlich zu einem sichtbaren Ergebnis: Der Akku bl\u00e4ht sich auf. <\/p>\n\n\n\n<div class=\"wp-container-3 wp-block-columns\">\n<div class=\"wp-container-1 wp-block-column\">\n<figure class=\"wp-block-image size-large\"><img loading=\"lazy\" width=\"1024\" height=\"643\" src=\"https:\/\/www.idoc.eu\/blog\/wp-content\/uploads\/2020\/03\/Blog-Akku-im-normalen-Zustand-iPhoneXS-1024.jpg\" alt=\"Akku im Normalzustand\" class=\"wp-image-7166\" srcset=\"https:\/\/www.idoc.eu\/blog\/wp-content\/uploads\/2020\/03\/Blog-Akku-im-normalen-Zustand-iPhoneXS-1024.jpg 1024w, https:\/\/www.idoc.eu\/blog\/wp-content\/uploads\/2020\/03\/Blog-Akku-im-normalen-Zustand-iPhoneXS-600.jpg 600w, https:\/\/www.idoc.eu\/blog\/wp-content\/uploads\/2020\/03\/Blog-Akku-im-normalen-Zustand-iPhoneXS-300.jpg 300w, https:\/\/www.idoc.eu\/blog\/wp-content\/uploads\/2020\/03\/Blog-Akku-im-normalen-Zustand-iPhoneXS-768.jpg 768w, https:\/\/www.idoc.eu\/blog\/wp-content\/uploads\/2020\/03\/Blog-Akku-im-normalen-Zustand-iPhoneXS-1536.jpg 1536w, https:\/\/www.idoc.eu\/blog\/wp-content\/uploads\/2020\/03\/Blog-Akku-im-normalen-Zustand-iPhoneXS-200.jpg 200w, https:\/\/www.idoc.eu\/blog\/wp-content\/uploads\/2020\/03\/Blog-Akku-im-normalen-Zustand-iPhoneXS-520.jpg 520w, https:\/\/www.idoc.eu\/blog\/wp-content\/uploads\/2020\/03\/Blog-Akku-im-normalen-Zustand-iPhoneXS-390.jpg 390w, https:\/\/www.idoc.eu\/blog\/wp-content\/uploads\/2020\/03\/Blog-Akku-im-normalen-Zustand-iPhoneXS-1020.jpg 1020w, https:\/\/www.idoc.eu\/blog\/wp-content\/uploads\/2020\/03\/Blog-Akku-im-normalen-Zustand-iPhoneXS-400.jpg 400w, https:\/\/www.idoc.eu\/blog\/wp-content\/uploads\/2020\/03\/Blog-Akku-im-normalen-Zustand-iPhoneXS-800.jpg 800w, https:\/\/www.idoc.eu\/blog\/wp-content\/uploads\/2020\/03\/Blog-Akku-im-normalen-Zustand-iPhoneXS-152.jpg 152w, https:\/\/www.idoc.eu\/blog\/wp-content\/uploads\/2020\/03\/Blog-Akku-im-normalen-Zustand-iPhoneXS-304.jpg 304w, https:\/\/www.idoc.eu\/blog\/wp-content\/uploads\/2020\/03\/Blog-Akku-im-normalen-Zustand-iPhoneXS-222.jpg 222w, https:\/\/www.idoc.eu\/blog\/wp-content\/uploads\/2020\/03\/Blog-Akku-im-normalen-Zustand-iPhoneXS-444.jpg 444w, https:\/\/www.idoc.eu\/blog\/wp-content\/uploads\/2020\/03\/Blog-Akku-im-normalen-Zustand-iPhoneXS-254.jpg 254w, https:\/\/www.idoc.eu\/blog\/wp-content\/uploads\/2020\/03\/Blog-Akku-im-normalen-Zustand-iPhoneXS-508.jpg 508w, https:\/\/www.idoc.eu\/blog\/wp-content\/uploads\/2020\/03\/Blog-Akku-im-normalen-Zustand-iPhoneXS-209.jpg 209w, https:\/\/www.idoc.eu\/blog\/wp-content\/uploads\/2020\/03\/Blog-Akku-im-normalen-Zustand-iPhoneXS-418.jpg 418w, https:\/\/www.idoc.eu\/blog\/wp-content\/uploads\/2020\/03\/Blog-Akku-im-normalen-Zustand-iPhoneXS-608.jpg 608w, https:\/\/www.idoc.eu\/blog\/wp-content\/uploads\/2020\/03\/Blog-Akku-im-normalen-Zustand-iPhoneXS-348.jpg 348w, https:\/\/www.idoc.eu\/blog\/wp-content\/uploads\/2020\/03\/Blog-Akku-im-normalen-Zustand-iPhoneXS-696.jpg 696w, https:\/\/www.idoc.eu\/blog\/wp-content\/uploads\/2020\/03\/Blog-Akku-im-normalen-Zustand-iPhoneXS-58.jpg 58w, https:\/\/www.idoc.eu\/blog\/wp-content\/uploads\/2020\/03\/Blog-Akku-im-normalen-Zustand-iPhoneXS-116.jpg 116w, https:\/\/www.idoc.eu\/blog\/wp-content\/uploads\/2020\/03\/Blog-Akku-im-normalen-Zustand-iPhoneXS-92.jpg 92w, https:\/\/www.idoc.eu\/blog\/wp-content\/uploads\/2020\/03\/Blog-Akku-im-normalen-Zustand-iPhoneXS-184.jpg 184w, https:\/\/www.idoc.eu\/blog\/wp-content\/uploads\/2020\/03\/Blog-Akku-im-normalen-Zustand-iPhoneXS-660.jpg 660w, https:\/\/www.idoc.eu\/blog\/wp-content\/uploads\/2020\/03\/Blog-Akku-im-normalen-Zustand-iPhoneXS-1320.jpg 1320w, https:\/\/www.idoc.eu\/blog\/wp-content\/uploads\/2020\/03\/Blog-Akku-im-normalen-Zustand-iPhoneXS-960.jpg 960w, https:\/\/www.idoc.eu\/blog\/wp-content\/uploads\/2020\/03\/Blog-Akku-im-normalen-Zustand-iPhoneXS-1100.jpg 1100w, https:\/\/www.idoc.eu\/blog\/wp-content\/uploads\/2020\/03\/Blog-Akku-im-normalen-Zustand-iPhoneXS-321.jpg 321w, https:\/\/www.idoc.eu\/blog\/wp-content\/uploads\/2020\/03\/Blog-Akku-im-normalen-Zustand-iPhoneXS-642.jpg 642w, https:\/\/www.idoc.eu\/blog\/wp-content\/uploads\/2020\/03\/Blog-Akku-im-normalen-Zustand-iPhoneXS-468.jpg 468w, https:\/\/www.idoc.eu\/blog\/wp-content\/uploads\/2020\/03\/Blog-Akku-im-normalen-Zustand-iPhoneXS-936.jpg 936w, https:\/\/www.idoc.eu\/blog\/wp-content\/uploads\/2020\/03\/Blog-Akku-im-normalen-Zustand-iPhoneXS-536.jpg 536w, https:\/\/www.idoc.eu\/blog\/wp-content\/uploads\/2020\/03\/Blog-Akku-im-normalen-Zustand-iPhoneXS-1072.jpg 1072w, https:\/\/www.idoc.eu\/blog\/wp-content\/uploads\/2020\/03\/Blog-Akku-im-normalen-Zustand-iPhoneXS-195.jpg 195w, https:\/\/www.idoc.eu\/blog\/wp-content\/uploads\/2020\/03\/Blog-Akku-im-normalen-Zustand-iPhoneXS.jpg 1720w\" sizes=\"(max-width: 1024px) 100vw, 1024px\" \/><figcaption>Im Vergleich: Hier siehst du den Akku eines iPhone Xs im Normalzustand.<\/figcaption><\/figure>\n<\/div>\n\n\n\n<div class=\"wp-container-2 wp-block-column\">\n<figure class=\"wp-block-image size-large\"><img loading=\"lazy\" width=\"1024\" height=\"643\" src=\"https:\/\/www.idoc.eu\/blog\/wp-content\/uploads\/2020\/03\/Blog-Akku-im-aufgebl\u00e4hten-Zustand-iPhone5C-1024.jpg\" alt=\"Akku bl\u00e4ht sich auf im iPhone 5C\" class=\"wp-image-7165\" srcset=\"https:\/\/www.idoc.eu\/blog\/wp-content\/uploads\/2020\/03\/Blog-Akku-im-aufgebl\u00e4hten-Zustand-iPhone5C-1024.jpg 1024w, https:\/\/www.idoc.eu\/blog\/wp-content\/uploads\/2020\/03\/Blog-Akku-im-aufgebl\u00e4hten-Zustand-iPhone5C-600.jpg 600w, https:\/\/www.idoc.eu\/blog\/wp-content\/uploads\/2020\/03\/Blog-Akku-im-aufgebl\u00e4hten-Zustand-iPhone5C-300.jpg 300w, https:\/\/www.idoc.eu\/blog\/wp-content\/uploads\/2020\/03\/Blog-Akku-im-aufgebl\u00e4hten-Zustand-iPhone5C-768.jpg 768w, https:\/\/www.idoc.eu\/blog\/wp-content\/uploads\/2020\/03\/Blog-Akku-im-aufgebl\u00e4hten-Zustand-iPhone5C-1536.jpg 1536w, https:\/\/www.idoc.eu\/blog\/wp-content\/uploads\/2020\/03\/Blog-Akku-im-aufgebl\u00e4hten-Zustand-iPhone5C-200.jpg 200w, https:\/\/www.idoc.eu\/blog\/wp-content\/uploads\/2020\/03\/Blog-Akku-im-aufgebl\u00e4hten-Zustand-iPhone5C-520.jpg 520w, https:\/\/www.idoc.eu\/blog\/wp-content\/uploads\/2020\/03\/Blog-Akku-im-aufgebl\u00e4hten-Zustand-iPhone5C-390.jpg 390w, https:\/\/www.idoc.eu\/blog\/wp-content\/uploads\/2020\/03\/Blog-Akku-im-aufgebl\u00e4hten-Zustand-iPhone5C-1020.jpg 1020w, https:\/\/www.idoc.eu\/blog\/wp-content\/uploads\/2020\/03\/Blog-Akku-im-aufgebl\u00e4hten-Zustand-iPhone5C-400.jpg 400w, https:\/\/www.idoc.eu\/blog\/wp-content\/uploads\/2020\/03\/Blog-Akku-im-aufgebl\u00e4hten-Zustand-iPhone5C-800.jpg 800w, https:\/\/www.idoc.eu\/blog\/wp-content\/uploads\/2020\/03\/Blog-Akku-im-aufgebl\u00e4hten-Zustand-iPhone5C-152.jpg 152w, https:\/\/www.idoc.eu\/blog\/wp-content\/uploads\/2020\/03\/Blog-Akku-im-aufgebl\u00e4hten-Zustand-iPhone5C-304.jpg 304w, https:\/\/www.idoc.eu\/blog\/wp-content\/uploads\/2020\/03\/Blog-Akku-im-aufgebl\u00e4hten-Zustand-iPhone5C-222.jpg 222w, https:\/\/www.idoc.eu\/blog\/wp-content\/uploads\/2020\/03\/Blog-Akku-im-aufgebl\u00e4hten-Zustand-iPhone5C-444.jpg 444w, https:\/\/www.idoc.eu\/blog\/wp-content\/uploads\/2020\/03\/Blog-Akku-im-aufgebl\u00e4hten-Zustand-iPhone5C-254.jpg 254w, https:\/\/www.idoc.eu\/blog\/wp-content\/uploads\/2020\/03\/Blog-Akku-im-aufgebl\u00e4hten-Zustand-iPhone5C-508.jpg 508w, https:\/\/www.idoc.eu\/blog\/wp-content\/uploads\/2020\/03\/Blog-Akku-im-aufgebl\u00e4hten-Zustand-iPhone5C-209.jpg 209w, https:\/\/www.idoc.eu\/blog\/wp-content\/uploads\/2020\/03\/Blog-Akku-im-aufgebl\u00e4hten-Zustand-iPhone5C-418.jpg 418w, https:\/\/www.idoc.eu\/blog\/wp-content\/uploads\/2020\/03\/Blog-Akku-im-aufgebl\u00e4hten-Zustand-iPhone5C-608.jpg 608w, https:\/\/www.idoc.eu\/blog\/wp-content\/uploads\/2020\/03\/Blog-Akku-im-aufgebl\u00e4hten-Zustand-iPhone5C-348.jpg 348w, https:\/\/www.idoc.eu\/blog\/wp-content\/uploads\/2020\/03\/Blog-Akku-im-aufgebl\u00e4hten-Zustand-iPhone5C-696.jpg 696w, https:\/\/www.idoc.eu\/blog\/wp-content\/uploads\/2020\/03\/Blog-Akku-im-aufgebl\u00e4hten-Zustand-iPhone5C-58.jpg 58w, https:\/\/www.idoc.eu\/blog\/wp-content\/uploads\/2020\/03\/Blog-Akku-im-aufgebl\u00e4hten-Zustand-iPhone5C-116.jpg 116w, https:\/\/www.idoc.eu\/blog\/wp-content\/uploads\/2020\/03\/Blog-Akku-im-aufgebl\u00e4hten-Zustand-iPhone5C-92.jpg 92w, https:\/\/www.idoc.eu\/blog\/wp-content\/uploads\/2020\/03\/Blog-Akku-im-aufgebl\u00e4hten-Zustand-iPhone5C-184.jpg 184w, https:\/\/www.idoc.eu\/blog\/wp-content\/uploads\/2020\/03\/Blog-Akku-im-aufgebl\u00e4hten-Zustand-iPhone5C-660.jpg 660w, https:\/\/www.idoc.eu\/blog\/wp-content\/uploads\/2020\/03\/Blog-Akku-im-aufgebl\u00e4hten-Zustand-iPhone5C-1320.jpg 1320w, https:\/\/www.idoc.eu\/blog\/wp-content\/uploads\/2020\/03\/Blog-Akku-im-aufgebl\u00e4hten-Zustand-iPhone5C-960.jpg 960w, https:\/\/www.idoc.eu\/blog\/wp-content\/uploads\/2020\/03\/Blog-Akku-im-aufgebl\u00e4hten-Zustand-iPhone5C-1100.jpg 1100w, https:\/\/www.idoc.eu\/blog\/wp-content\/uploads\/2020\/03\/Blog-Akku-im-aufgebl\u00e4hten-Zustand-iPhone5C-321.jpg 321w, https:\/\/www.idoc.eu\/blog\/wp-content\/uploads\/2020\/03\/Blog-Akku-im-aufgebl\u00e4hten-Zustand-iPhone5C-642.jpg 642w, https:\/\/www.idoc.eu\/blog\/wp-content\/uploads\/2020\/03\/Blog-Akku-im-aufgebl\u00e4hten-Zustand-iPhone5C-468.jpg 468w, https:\/\/www.idoc.eu\/blog\/wp-content\/uploads\/2020\/03\/Blog-Akku-im-aufgebl\u00e4hten-Zustand-iPhone5C-936.jpg 936w, https:\/\/www.idoc.eu\/blog\/wp-content\/uploads\/2020\/03\/Blog-Akku-im-aufgebl\u00e4hten-Zustand-iPhone5C-536.jpg 536w, https:\/\/www.idoc.eu\/blog\/wp-content\/uploads\/2020\/03\/Blog-Akku-im-aufgebl\u00e4hten-Zustand-iPhone5C-1072.jpg 1072w, https:\/\/www.idoc.eu\/blog\/wp-content\/uploads\/2020\/03\/Blog-Akku-im-aufgebl\u00e4hten-Zustand-iPhone5C-195.jpg 195w, https:\/\/www.idoc.eu\/blog\/wp-content\/uploads\/2020\/03\/Blog-Akku-im-aufgebl\u00e4hten-Zustand-iPhone5C.jpg 1720w\" sizes=\"(max-width: 1024px) 100vw, 1024px\" \/><figcaption>Bei unserem iPhone 5c ist der Akku sichtlich geschwollen.<\/figcaption><\/figure>\n<\/div>\n<\/div>\n\n\n\n<h2>Was sind die Ursachen f\u00fcr das Aufbl\u00e4hen des Akkus?<\/h2>\n\n\n\n<p>Hat sich dein Akku mit Gas gef\u00fcllt, hat dies erstmal nichts mit der Qualit\u00e4t des Bauteils zu tun. Das Ph\u00e4nomen tritt auch bei Originalteilen auf und ist in den meisten F\u00e4llen eher durch \u00e4u\u00dfere Einfl\u00fcsse, die der Nutzer selbst beeinflussen kann, begr\u00fcndet. Nicht umsonst endet die Herstellergarantie auf Akkus beim Kauf eines neuen Smartphones bereits nach sechs Monaten. Es gibt einige Ursachen, wieso sich das Bauteil mit Gas f\u00fcllen und dadurch aufbl\u00e4hen kann.<\/p>\n\n\n\n<ul><li>Falsches Laden (\u00dcberladung, falsches oder minderwertiges Netzteil)<\/li><li>Falsches Verbauen (z. B. zu nah an der Platine)<\/li><li>Kurzschluss<\/li><li>Tiefenentladung<\/li><li>Feuchtigkeit oder extreme Temperaturschwankungen<\/li><li>Defekt<\/li><\/ul>\n\n\n\n<h2>Woran bemerkst du, dass dein Akku defekt ist?<\/h2>\n\n\n\n<p>Ein Akku bl\u00e4ht sich nicht von heute auf morgen auf, es ist vielmehr ein Prozess. Wenn der Akku durch Gasbildung im Inneren dicker wird, dr\u00fcckt er andere Komponenten weg \u2013 das deutlichste Warnsignal. Aber auch schon vorher gibt es Andeutungen, wenn der Akku anschwillt. Achte auf folgendes:<\/p>\n\n\n\n<ol><li>Die Akkuleistung wird merklich schlechter.<\/li><li>Du bemerkst einen leichten Gasgeruch.<\/li><li>Dein Ger\u00e4t wird extrem hei\u00df.<\/li><li>Dein Display hat helle Stellen oder Flecken, weil der Akku von Innen aufs Display dr\u00fcckt.<\/li><li>Der Bildschirm oder die R\u00fcckseite wird herausgedr\u00fcckt.<\/li><\/ol>\n\n\n\n<h2>Was kannst du tun, wenn dein Akku schon aufgebl\u00e4ht ist?<\/h2>\n\n\n\n<p><strong>Sobald du bemerkst, dass dein Akku sich aufgebl\u00e4ht hat: Verwende dein Ger\u00e4t nicht mehr! Schalte es aus und lade es auch nicht mehr.<\/strong><\/p>\n\n\n\n<p>Passiert dir das innerhalb deiner Garantiefrist, wende dich direkt an den Hersteller. Ist deine Garantie schon verfallen, sollte der aufgebl\u00e4hte Akku so schnell wie m\u00f6glich aus dem Ger\u00e4t entfernt werden. Wenn du dir das zutraust, kannst du den Ausbau selbst \u00fcbernehmen. In unseren <a href=\"https:\/\/www.idoc.eu\/guides\">Anleitungen<\/a> geben wir dir eine Einsch\u00e4tzung, wie schwierig die Reparatur ist. Bist du dir unsicher, bringe dein defektes Smartphone am besten in eine Reparaturwerkstatt.<\/p>\n\n\n\n<p>Der defekte Akku sollte fachgerecht entsorgt werden. Das hei\u00dft: Keine <a href=\"https:\/\/www.idoc.eu\/blog\/alte-handys-entsorgen\/\" target=\"_blank\" rel=\"noreferrer noopener\">Entsorgung<\/a> \u00fcber den Hausm\u00fcll! Bringe ihn stattdessen zu einem Recyclinghof. Da Gas aus dem Inneren des Akkus austreten k\u00f6nnte, ist eine Explosion des Akkus denkbar. Dies ist zwar unwahrscheinlich, die Gefahr besteht dennoch. Bewahre den Akku bis zur Entsorgung daher am besten in einer mit Sand gef\u00fcllten Box auf. <strong>Lege den Akku auf keinen Fall in Wasser<\/strong>! Wasser reagiert mit dem Lithium im Akku, was die Gefahr einer Explosion sogar noch erh\u00f6ht.<\/p>\n\n\n\n<h2>Was kannst du tun, damit dein Akku nicht kaputt geht?&nbsp;<\/h2>\n\n\n\n<p>Wenn du sorgsam mit deinem Smartphone umgehst, brauchst du dir keine Sorgen um einen aufgebl\u00e4hten Akku zu machen. Einige Tipps zur <a href=\"https:\/\/www.idoc.eu\/blog\/akkuverbrauch-optimieren\/\" target=\"_blank\" rel=\"noreferrer noopener\">optimalen Akkunutzung<\/a> findest du in einem fr\u00fcheren Beitrag. Die wichtigsten Hinweise, die du pr\u00e4ventiv beachten solltest, haben wir dir kurz zusammengefasst:<\/p>\n\n\n\n<h3>Wenn du dein Smartphone lagerst<\/h3>\n\n\n\n<p>Akkus entladen sich auch im ausgeschalteten Zustand, weshalb es nicht so einfach ist, Altger\u00e4te zu lagern. Denn passt du nicht auf, k\u00f6nnen sich deine Smartphones tiefenentladen. Eine Tiefenentladung kann wiederum zu einer Gasbildung im Akku f\u00fchren. Um das zu vermeiden, solltest du dein gelagertes Handy in regelm\u00e4\u00dfigen Abst\u00e4nden an den Strom stecken und es so bei einer Akkuladung von 30 bis 80% Prozent halten.<\/p>\n\n\n\n<p>Noch besser ist in dem Fall, deine angesammelten Altger\u00e4te regelm\u00e4\u00dfig durchzugehen: M\u00f6chtest du deine Smartphones wirklich irgendwann nutzen? Wenn nicht, verkaufe oder verschenke sie. Ist ein Handy nicht mehr zu gebrauchen, lasse es nicht unn\u00f6tig lange in der Schublade liegen. Gib es direkt zum Recycling.<\/p>\n\n\n\n<h3>Wenn ein Akkutausch bevorsteht<\/h3>\n\n\n\n<p>Spare nicht am falschen Ende, wenn du ein Ersatzteil kaufst. <a href=\"https:\/\/www.idoc.eu\/blog\/die-wichtigsten-informationen-zu-originalen-ersatzteilen-fuer-das-iphone\/\">Akkus h\u00f6herer Qualit\u00e4tsstufen<\/a> haben Sicherheitsfunktionen verbaut, die das Ersatzteil auch bei falschem Umgang sch\u00fctzen k\u00f6nnen. So gibt es beispielsweise eine Abschaltautomatik, die die Energiezufuhr stoppt und den Akku somit vor \u00dcberladung sch\u00fctzt. Auch k\u00f6nnen Akkus mit einer Sollbruchstelle versehen sein, die bei \u00dcberhitzung den Druck aus dem Inneren leiten kann. So wird selbst bei einem aufgebl\u00e4hten Akku eine Explosion nahezu unm\u00f6glich. Solche Sicherheitsvorkehrungen werden bei sehr g\u00fcnstigen Akkus oft eingespart, um die Produktionskosten gering zu halten.<\/p>\n\n\n\n<p>Ein qualitativ hochwertiger Akku bietet zwar keine Garantie daf\u00fcr, dass dein Akku verschont bleibt, aber du verminderst das Risiko. Schon allein dies ist Grund genug f\u00fcr uns, in unserem Produktangebot nur auf <a href=\"https:\/\/www.idoc.eu\/de\/akkus\/?sPartner=blog\">Akkus der besten verf\u00fcgbaren Qualit\u00e4tsstufe<\/a> zu setzen. <\/p>\n","protected":false},"excerpt":{"rendered":"<p>Akkus sind normalerweise relativ robust und langlebig. Bei falscher Verwendung \u2013 beispielsweise St\u00f6\u00dfe, \u00dcberladen oder \u00dcberhitzen \u2013 kann es jedoch zu Problemen kommen. Doch warum genau bl\u00e4ht sich ein Akku auf? <\/p>\n","protected":false},"author":24,"featured_media":7167,"comment_status":"open","ping_status":"open","sticky":false,"template":"","format":"standard","meta":[],"categories":[825],"tags":[1737,1717,1725,1723,1724,1719,1721,1722,1728],"acf":[],"yoast_head":"<!-- This site is optimized with the Yoast SEO plugin v19.8 - https:\/\/yoast.com\/wordpress\/plugins\/seo\/ -->\n<title>Dein Akku bl\u00e4ht sich auf? So verhinderst du es! - iDoc<\/title>\n<meta name=\"description\" content=\"Ein Akku bl\u00e4ht sich nicht ohne Grund auf. Dennoch kann es bei falscher Verwendung zu Problemen kommen. Wann und warum bl\u00e4ht sich ein Akku auf?\" \/>\n<meta name=\"robots\" content=\"index, follow, max-snippet:-1, max-image-preview:large, max-video-preview:-1\" \/>\n<link rel=\"canonical\" href=\"https:\/\/www.idoc.eu\/blog\/akku-blaeht-sich-auf\/\" \/>\n<meta property=\"og:locale\" content=\"de_DE\" \/>\n<meta property=\"og:type\" content=\"article\" \/>\n<meta property=\"og:title\" content=\"Dein Akku bl\u00e4ht sich auf? So verhinderst du es! - iDoc\" \/>\n<meta property=\"og:description\" content=\"Ein Akku bl\u00e4ht sich nicht ohne Grund auf. Dennoch kann es bei falscher Verwendung zu Problemen kommen. Wann und warum bl\u00e4ht sich ein Akku auf?\" \/>\n<meta property=\"og:url\" content=\"https:\/\/www.idoc.eu\/blog\/akku-blaeht-sich-auf\/\" \/>\n<meta property=\"og:site_name\" content=\"Blog\" \/>\n<meta property=\"article:publisher\" content=\"https:\/\/www.facebook.com\/iDocEurope\" \/>\n<meta property=\"article:published_time\" content=\"2021-04-14T09:55:00+00:00\" \/>\n<meta property=\"article:modified_time\" content=\"2023-03-09T10:08:21+00:00\" \/>\n<meta property=\"og:image\" content=\"https:\/\/www.idoc.eu\/blog\/wp-content\/uploads\/2020\/03\/Blog-Titel_Akku-bl\u00e4ht-sich-auf.jpg\" \/>\n\t<meta property=\"og:image:width\" content=\"2200\" \/>\n\t<meta property=\"og:image:height\" content=\"1380\" \/>\n\t<meta property=\"og:image:type\" content=\"image\/jpeg\" \/>\n<meta name=\"author\" content=\"Annika\" \/>\n<meta name=\"twitter:label1\" content=\"Verfasst von\" \/>\n\t<meta name=\"twitter:data1\" content=\"Annika\" \/>\n\t<meta name=\"twitter:label2\" content=\"Gesch\u00e4tzte Lesezeit\" \/>\n\t<meta name=\"twitter:data2\" content=\"6\u00a0Minuten\" \/>\n<script type=\"application\/ld+json\" class=\"yoast-schema-graph\">{\"@context\":\"https:\/\/schema.org\",\"@graph\":[{\"@type\":\"WebPage\",\"@id\":\"https:\/\/www.idoc.eu\/blog\/akku-blaeht-sich-auf\/\",\"url\":\"https:\/\/www.idoc.eu\/blog\/akku-blaeht-sich-auf\/\",\"name\":\"Dein Akku bl\u00e4ht sich auf? So verhinderst du es! - iDoc\",\"isPartOf\":{\"@id\":\"https:\/\/www.idoc.eu\/blog\/#website\"},\"datePublished\":\"2021-04-14T09:55:00+00:00\",\"dateModified\":\"2023-03-09T10:08:21+00:00\",\"author\":{\"@id\":\"https:\/\/www.idoc.eu\/blog\/#\/schema\/person\/7d14e822bd9e7a5e5fe4fdae66744ad2\"},\"description\":\"Ein Akku bl\u00e4ht sich nicht ohne Grund auf. Dennoch kann es bei falscher Verwendung zu Problemen kommen. Wann und warum bl\u00e4ht sich ein Akku auf?\",\"breadcrumb\":{\"@id\":\"https:\/\/www.idoc.eu\/blog\/akku-blaeht-sich-auf\/#breadcrumb\"},\"inLanguage\":\"de\",\"potentialAction\":[{\"@type\":\"ReadAction\",\"target\":[\"https:\/\/www.idoc.eu\/blog\/akku-blaeht-sich-auf\/\"]}]},{\"@type\":\"BreadcrumbList\",\"@id\":\"https:\/\/www.idoc.eu\/blog\/akku-blaeht-sich-auf\/#breadcrumb\",\"itemListElement\":[{\"@type\":\"ListItem\",\"position\":1,\"name\":\"Home\",\"item\":\"https:\/\/www.idoc.eu\/blog\/\"},{\"@type\":\"ListItem\",\"position\":2,\"name\":\"Dein Akku bl\u00e4ht sich auf? Das kannst du dagegen tun!\"}]},{\"@type\":\"WebSite\",\"@id\":\"https:\/\/www.idoc.eu\/blog\/#website\",\"url\":\"https:\/\/www.idoc.eu\/blog\/\",\"name\":\"Blog\",\"description\":\"Finde Empfehlungen rund um deine Smartphone-Reparatur: von der richtigen Werkzeugauswahl, \u00fcber Tipps und Tricks f\u00fcr einen erfolgreichen Abschluss bis hin zu Reviews einzelner Smartphone-Reparaturen. Erhalte auch Software-Tipps, um dein Smartphone noch optimaler nutzen zu k\u00f6nnen.\",\"potentialAction\":[{\"@type\":\"SearchAction\",\"target\":{\"@type\":\"EntryPoint\",\"urlTemplate\":\"https:\/\/www.idoc.eu\/blog\/?s={search_term_string}\"},\"query-input\":\"required name=search_term_string\"}],\"inLanguage\":\"de\"},{\"@type\":\"Person\",\"@id\":\"https:\/\/www.idoc.eu\/blog\/#\/schema\/person\/7d14e822bd9e7a5e5fe4fdae66744ad2\",\"name\":\"Annika\",\"image\":{\"@type\":\"ImageObject\",\"inLanguage\":\"de\",\"@id\":\"https:\/\/www.idoc.eu\/blog\/#\/schema\/person\/image\/\",\"url\":\"https:\/\/secure.gravatar.com\/avatar\/4c2c3fc4a853c4b55798a14031b963f6?s=96&d=mm&r=g\",\"contentUrl\":\"https:\/\/secure.gravatar.com\/avatar\/4c2c3fc4a853c4b55798a14031b963f6?s=96&d=mm&r=g\",\"caption\":\"Annika\"},\"url\":\"https:\/\/www.idoc.eu\/blog\/author\/annika\/\"}]}<\/script>\n<!-- \/ Yoast SEO plugin. -->","yoast_head_json":{"title":"Dein Akku bl\u00e4ht sich auf? So verhinderst du es! - iDoc","description":"Ein Akku bl\u00e4ht sich nicht ohne Grund auf. Dennoch kann es bei falscher Verwendung zu Problemen kommen. Wann und warum bl\u00e4ht sich ein Akku auf?","robots":{"index":"index","follow":"follow","max-snippet":"max-snippet:-1","max-image-preview":"max-image-preview:large","max-video-preview":"max-video-preview:-1"},"canonical":"https:\/\/www.idoc.eu\/blog\/akku-blaeht-sich-auf\/","og_locale":"de_DE","og_type":"article","og_title":"Dein Akku bl\u00e4ht sich auf? So verhinderst du es! - iDoc","og_description":"Ein Akku bl\u00e4ht sich nicht ohne Grund auf. Dennoch kann es bei falscher Verwendung zu Problemen kommen. Wann und warum bl\u00e4ht sich ein Akku auf?","og_url":"https:\/\/www.idoc.eu\/blog\/akku-blaeht-sich-auf\/","og_site_name":"Blog","article_publisher":"https:\/\/www.facebook.com\/iDocEurope","article_published_time":"2021-04-14T09:55:00+00:00","article_modified_time":"2023-03-09T10:08:21+00:00","og_image":[{"width":2200,"height":1380,"url":"https:\/\/www.idoc.eu\/blog\/wp-content\/uploads\/2020\/03\/Blog-Titel_Akku-bl\u00e4ht-sich-auf.jpg","type":"image\/jpeg"}],"author":"Annika","twitter_misc":{"Verfasst von":"Annika","Gesch\u00e4tzte Lesezeit":"6\u00a0Minuten"},"schema":{"@context":"https:\/\/schema.org","@graph":[{"@type":"WebPage","@id":"https:\/\/www.idoc.eu\/blog\/akku-blaeht-sich-auf\/","url":"https:\/\/www.idoc.eu\/blog\/akku-blaeht-sich-auf\/","name":"Dein Akku bl\u00e4ht sich auf? So verhinderst du es! - iDoc","isPartOf":{"@id":"https:\/\/www.idoc.eu\/blog\/#website"},"datePublished":"2021-04-14T09:55:00+00:00","dateModified":"2023-03-09T10:08:21+00:00","author":{"@id":"https:\/\/www.idoc.eu\/blog\/#\/schema\/person\/7d14e822bd9e7a5e5fe4fdae66744ad2"},"description":"Ein Akku bl\u00e4ht sich nicht ohne Grund auf. Dennoch kann es bei falscher Verwendung zu Problemen kommen. Wann und warum bl\u00e4ht sich ein Akku auf?","breadcrumb":{"@id":"https:\/\/www.idoc.eu\/blog\/akku-blaeht-sich-auf\/#breadcrumb"},"inLanguage":"de","potentialAction":[{"@type":"ReadAction","target":["https:\/\/www.idoc.eu\/blog\/akku-blaeht-sich-auf\/"]}]},{"@type":"BreadcrumbList","@id":"https:\/\/www.idoc.eu\/blog\/akku-blaeht-sich-auf\/#breadcrumb","itemListElement":[{"@type":"ListItem","position":1,"name":"Home","item":"https:\/\/www.idoc.eu\/blog\/"},{"@type":"ListItem","position":2,"name":"Dein Akku bl\u00e4ht sich auf? Das kannst du dagegen tun!"}]},{"@type":"WebSite","@id":"https:\/\/www.idoc.eu\/blog\/#website","url":"https:\/\/www.idoc.eu\/blog\/","name":"Blog","description":"Finde Empfehlungen rund um deine Smartphone-Reparatur: von der richtigen Werkzeugauswahl, \u00fcber Tipps und Tricks f\u00fcr einen erfolgreichen Abschluss bis hin zu Reviews einzelner Smartphone-Reparaturen. Erhalte auch Software-Tipps, um dein Smartphone noch optimaler nutzen zu k\u00f6nnen.","potentialAction":[{"@type":"SearchAction","target":{"@type":"EntryPoint","urlTemplate":"https:\/\/www.idoc.eu\/blog\/?s={search_term_string}"},"query-input":"required name=search_term_string"}],"inLanguage":"de"},{"@type":"Person","@id":"https:\/\/www.idoc.eu\/blog\/#\/schema\/person\/7d14e822bd9e7a5e5fe4fdae66744ad2","name":"Annika","image":{"@type":"ImageObject","inLanguage":"de","@id":"https:\/\/www.idoc.eu\/blog\/#\/schema\/person\/image\/","url":"https:\/\/secure.gravatar.com\/avatar\/4c2c3fc4a853c4b55798a14031b963f6?s=96&d=mm&r=g","contentUrl":"https:\/\/secure.gravatar.com\/avatar\/4c2c3fc4a853c4b55798a14031b963f6?s=96&d=mm&r=g","caption":"Annika"},"url":"https:\/\/www.idoc.eu\/blog\/author\/annika\/"}]}},"_links":{"self":[{"href":"https:\/\/www.idoc.eu\/blog\/wp-json\/wp\/v2\/posts\/7652"}],"collection":[{"href":"https:\/\/www.idoc.eu\/blog\/wp-json\/wp\/v2\/posts"}],"about":[{"href":"https:\/\/www.idoc.eu\/blog\/wp-json\/wp\/v2\/types\/post"}],"author":[{"embeddable":true,"href":"https:\/\/www.idoc.eu\/blog\/wp-json\/wp\/v2\/users\/24"}],"replies":[{"embeddable":true,"href":"https:\/\/www.idoc.eu\/blog\/wp-json\/wp\/v2\/comments?post=7652"}],"version-history":[{"count":0,"href":"https:\/\/www.idoc.eu\/blog\/wp-json\/wp\/v2\/posts\/7652\/revisions"}],"wp:featuredmedia":[{"embeddable":true,"href":"https:\/\/www.idoc.eu\/blog\/wp-json\/wp\/v2\/media\/7167"}],"wp:attachment":[{"href":"https:\/\/www.idoc.eu\/blog\/wp-json\/wp\/v2\/media?parent=7652"}],"wp:term":[{"taxonomy":"category","embeddable":true,"href":"https:\/\/www.idoc.eu\/blog\/wp-json\/wp\/v2\/categories?post=7652"},{"taxonomy":"post_tag","embeddable":true,"href":"https:\/\/www.idoc.eu\/blog\/wp-json\/wp\/v2\/tags?post=7652"}],"curies":[{"name":"wp","href":"https:\/\/api.w.org\/{rel}","templated":true}]}}