{"id":5724,"date":"2016-06-13T11:31:25","date_gmt":"2016-06-13T10:31:25","guid":{"rendered":"https:\/\/www.idoc.eu\/?p=5724"},"modified":"2021-02-05T16:40:19","modified_gmt":"2021-02-05T15:40:19","slug":"stiftung-warentest-besucht-unser-repair-cafe","status":"publish","type":"post","link":"https:\/\/www.idoc.eu\/blog\/stiftung-warentest-besucht-unser-repair-cafe\/","title":{"rendered":"Stiftung Warentest besucht unser Repair Caf\u00e9"},"content":{"rendered":"<p>In der Juni-Ausgabe der Stiftung Warentest berichten die beiden Redakteurinnen\u00a0Simone Vintz und Sandra Schwarz \u00fcber ihre spannenden Erfahrungen in\u00a0dem Repair Caf\u00e9 des K\u00fcnstleratelier Kunststoffe, welches wir seit zwei Jahren unterst\u00fctzen. <a href=\"https:\/\/www.test.de\/Repair-Cafes-Handys-unter-Anleitung-selbst-reparieren-funktioniert-das-5019052-0\/\" target=\"_blank\" rel=\"noopener noreferrer nofollow\" class=\"external\">Hier<\/a> k\u00f6nnt ihr den ganzen Bericht lesen.<!--more--><\/p>\n<p>Das erste Repair Caf\u00e9 er\u00f6ffnete Martine Postma 2009 in Amsterdam. Inzwischen gibt es \u00fcber 1.000 Repair Caf\u00e9s, die Besitzer von defekten Ger\u00e4ten ermuntern, diese zu reparieren anstatt sie einfach wegzuwerfen. Allein in Berlin sind es mittlerweile fast 20. Darunter auch\u00a0das Repair Caf\u00e9 Kreuzberg im K\u00fcnstleratelier Kunststoffe, wo wir seit fast zwei Jahren Besuchern helfen, ihre Smartphones selbst\u00a0zu reparieren.<\/p>\n<p>Zwei solche Besucherinnen waren Simone Vintz und Sandra Schwarz von der Stiftung Warentest. Repair Caf\u00e9s sollen die Nachhaltigkeit f\u00f6rdern, Geld sparen, Elektroschrott reduzieren und die betreffenden Ger\u00e4te retten. Die beiden Redakteurinnen der Stiftung Warentest wollten wissen, ob das alles auch wirklich klappt und schauten deshalb inkognito mit einem defekten Display in einigen Berliner Repair Caf\u00e9s vorbei. Als erstes besuchten sie das Repair Caf\u00e9 Kreuzberg, wo die beiden Testbesucherinnen unter der Aufsicht unseres Technikers Marc Zeppok den Display-Austausch selber durchf\u00fchrten.<\/p>\n<p>Wie alle Repair Caf\u00e9-Besucher, hatten sie im Vorfeld die M\u00f6glichkeit auf unsere kostenfreie Anleitungen zuzugreifen, verg\u00fcnstigte Ersatzteile von uns zu bestellen oder das passende Spezialwerkzeug vom iDoc Store zu nutzen. Leihwerkzeug bringen unsere Helfer nat\u00fcrlich auch mit. Experten des Stiftung Warentest-Pr\u00fcfinstituts haben in 2015 berichtet, dass eine gute Anleitung es technikinteressierte Laien erm\u00f6glicht, ihre eigenen kaputten Displays in etwa anderthalb Stunden zu ersetzen. So war das auch f\u00fcr die beiden Warentest-Mitarbeiterinnen: Mit nur wenigen Warnhinweisen von Marc, haben sie die selbst\u00e4ndige Reparatur in ca. 80 Minuten geschafft. Das Smartphone ging wieder, und laut Berechnungen der Redakteurinnen haben sie ca. 56 Euro und mehr als eine Woche Wartezeit gespart \u2013 inklusive eines gro\u00dfen Erfolgserlebnisses.<\/p>\n","protected":false},"excerpt":{"rendered":"<p>In der Juni-Ausgabe der Stiftung Warentest berichten die beiden Redakteurinnen\u00a0Simone Vintz und Sandra Schwarz \u00fcber ihre spannenden Erfahrungen in\u00a0dem Repair Caf\u00e9 des K\u00fcnstleratelier Kunststoffe, welches wir seit zwei Jahren unterst\u00fctzen. Hier k\u00f6nnt ihr den ganzen Bericht lesen.<\/p>\n","protected":false},"author":13,"featured_media":5725,"comment_status":"open","ping_status":"open","sticky":false,"template":"","format":"standard","meta":[],"categories":[15],"tags":[1726],"acf":[],"yoast_head":"<!-- This site is optimized with the Yoast SEO plugin v19.8 - https:\/\/yoast.com\/wordpress\/plugins\/seo\/ -->\n<title>Stiftung Warentest besucht unser Repair Caf\u00e9 - iDoc<\/title>\n<meta name=\"description\" content=\"In der Juni-Ausgabe der Stiftung Warentest berichten die beiden Redakteurinnen\u00a0Simone Vintz und Sandra Schwarz \u00fcber ihre spannenden Erfahrungen in\u00a0dem\" \/>\n<meta name=\"robots\" content=\"index, follow, max-snippet:-1, max-image-preview:large, max-video-preview:-1\" \/>\n<link rel=\"canonical\" href=\"https:\/\/www.idoc.eu\/blog\/stiftung-warentest-besucht-unser-repair-cafe\/\" \/>\n<meta property=\"og:locale\" content=\"de_DE\" \/>\n<meta property=\"og:type\" content=\"article\" \/>\n<meta property=\"og:title\" content=\"Stiftung Warentest besucht unser Repair Caf\u00e9 - iDoc\" \/>\n<meta property=\"og:description\" content=\"In der Juni-Ausgabe der Stiftung Warentest berichten die beiden Redakteurinnen\u00a0Simone Vintz und Sandra Schwarz \u00fcber ihre spannenden Erfahrungen in\u00a0dem\" \/>\n<meta property=\"og:url\" content=\"https:\/\/www.idoc.eu\/blog\/stiftung-warentest-besucht-unser-repair-cafe\/\" \/>\n<meta property=\"og:site_name\" content=\"Blog\" \/>\n<meta property=\"article:publisher\" content=\"https:\/\/www.facebook.com\/iDocEurope\" \/>\n<meta property=\"article:published_time\" content=\"2016-06-13T10:31:25+00:00\" \/>\n<meta property=\"article:modified_time\" content=\"2021-02-05T15:40:19+00:00\" \/>\n<meta property=\"og:image\" content=\"https:\/\/www.idoc.eu\/blog\/wp-content\/uploads\/2016\/06\/Stiftung-Warentest_iDoc.jpg\" \/>\n\t<meta property=\"og:image:width\" content=\"1651\" \/>\n\t<meta property=\"og:image:height\" content=\"1032\" \/>\n\t<meta property=\"og:image:type\" content=\"image\/jpeg\" \/>\n<meta name=\"author\" content=\"christopher\" \/>\n<meta name=\"twitter:label1\" content=\"Verfasst von\" \/>\n\t<meta name=\"twitter:data1\" content=\"christopher\" \/>\n\t<meta name=\"twitter:label2\" content=\"Gesch\u00e4tzte Lesezeit\" \/>\n\t<meta name=\"twitter:data2\" content=\"2\u00a0Minuten\" \/>\n<script type=\"application\/ld+json\" class=\"yoast-schema-graph\">{\"@context\":\"https:\/\/schema.org\",\"@graph\":[{\"@type\":\"WebPage\",\"@id\":\"https:\/\/www.idoc.eu\/blog\/stiftung-warentest-besucht-unser-repair-cafe\/\",\"url\":\"https:\/\/www.idoc.eu\/blog\/stiftung-warentest-besucht-unser-repair-cafe\/\",\"name\":\"Stiftung Warentest besucht unser Repair Caf\u00e9 - iDoc\",\"isPartOf\":{\"@id\":\"https:\/\/www.idoc.eu\/blog\/#website\"},\"datePublished\":\"2016-06-13T10:31:25+00:00\",\"dateModified\":\"2021-02-05T15:40:19+00:00\",\"author\":{\"@id\":\"https:\/\/www.idoc.eu\/blog\/#\/schema\/person\/e1d72c447e68af05216b857e74264be5\"},\"description\":\"In der Juni-Ausgabe der Stiftung Warentest berichten die beiden Redakteurinnen\u00a0Simone Vintz und Sandra Schwarz \u00fcber ihre spannenden Erfahrungen in\u00a0dem\",\"breadcrumb\":{\"@id\":\"https:\/\/www.idoc.eu\/blog\/stiftung-warentest-besucht-unser-repair-cafe\/#breadcrumb\"},\"inLanguage\":\"de\",\"potentialAction\":[{\"@type\":\"ReadAction\",\"target\":[\"https:\/\/www.idoc.eu\/blog\/stiftung-warentest-besucht-unser-repair-cafe\/\"]}]},{\"@type\":\"BreadcrumbList\",\"@id\":\"https:\/\/www.idoc.eu\/blog\/stiftung-warentest-besucht-unser-repair-cafe\/#breadcrumb\",\"itemListElement\":[{\"@type\":\"ListItem\",\"position\":1,\"name\":\"Home\",\"item\":\"https:\/\/www.idoc.eu\/blog\/\"},{\"@type\":\"ListItem\",\"position\":2,\"name\":\"Stiftung Warentest besucht unser Repair Caf\u00e9\"}]},{\"@type\":\"WebSite\",\"@id\":\"https:\/\/www.idoc.eu\/blog\/#website\",\"url\":\"https:\/\/www.idoc.eu\/blog\/\",\"name\":\"Blog\",\"description\":\"Finde Empfehlungen rund um deine Smartphone-Reparatur: von der richtigen Werkzeugauswahl, \u00fcber Tipps und Tricks f\u00fcr einen erfolgreichen Abschluss bis hin zu Reviews einzelner Smartphone-Reparaturen. Erhalte auch Software-Tipps, um dein Smartphone noch optimaler nutzen zu k\u00f6nnen.\",\"potentialAction\":[{\"@type\":\"SearchAction\",\"target\":{\"@type\":\"EntryPoint\",\"urlTemplate\":\"https:\/\/www.idoc.eu\/blog\/?s={search_term_string}\"},\"query-input\":\"required name=search_term_string\"}],\"inLanguage\":\"de\"},{\"@type\":\"Person\",\"@id\":\"https:\/\/www.idoc.eu\/blog\/#\/schema\/person\/e1d72c447e68af05216b857e74264be5\",\"name\":\"christopher\",\"image\":{\"@type\":\"ImageObject\",\"inLanguage\":\"de\",\"@id\":\"https:\/\/www.idoc.eu\/blog\/#\/schema\/person\/image\/\",\"url\":\"https:\/\/secure.gravatar.com\/avatar\/c56cc3fabc0e5545d56d3f39fc13c9ac?s=96&d=mm&r=g\",\"contentUrl\":\"https:\/\/secure.gravatar.com\/avatar\/c56cc3fabc0e5545d56d3f39fc13c9ac?s=96&d=mm&r=g\",\"caption\":\"christopher\"},\"url\":\"https:\/\/www.idoc.eu\/blog\/author\/christopher\/\"}]}<\/script>\n<!-- \/ Yoast SEO plugin. -->","yoast_head_json":{"title":"Stiftung Warentest besucht unser Repair Caf\u00e9 - iDoc","description":"In der Juni-Ausgabe der Stiftung Warentest berichten die beiden Redakteurinnen\u00a0Simone Vintz und Sandra Schwarz \u00fcber ihre spannenden Erfahrungen in\u00a0dem","robots":{"index":"index","follow":"follow","max-snippet":"max-snippet:-1","max-image-preview":"max-image-preview:large","max-video-preview":"max-video-preview:-1"},"canonical":"https:\/\/www.idoc.eu\/blog\/stiftung-warentest-besucht-unser-repair-cafe\/","og_locale":"de_DE","og_type":"article","og_title":"Stiftung Warentest besucht unser Repair Caf\u00e9 - iDoc","og_description":"In der Juni-Ausgabe der Stiftung Warentest berichten die beiden Redakteurinnen\u00a0Simone Vintz und Sandra Schwarz \u00fcber ihre spannenden Erfahrungen in\u00a0dem","og_url":"https:\/\/www.idoc.eu\/blog\/stiftung-warentest-besucht-unser-repair-cafe\/","og_site_name":"Blog","article_publisher":"https:\/\/www.facebook.com\/iDocEurope","article_published_time":"2016-06-13T10:31:25+00:00","article_modified_time":"2021-02-05T15:40:19+00:00","og_image":[{"width":1651,"height":1032,"url":"https:\/\/www.idoc.eu\/blog\/wp-content\/uploads\/2016\/06\/Stiftung-Warentest_iDoc.jpg","type":"image\/jpeg"}],"author":"christopher","twitter_misc":{"Verfasst von":"christopher","Gesch\u00e4tzte Lesezeit":"2\u00a0Minuten"},"schema":{"@context":"https:\/\/schema.org","@graph":[{"@type":"WebPage","@id":"https:\/\/www.idoc.eu\/blog\/stiftung-warentest-besucht-unser-repair-cafe\/","url":"https:\/\/www.idoc.eu\/blog\/stiftung-warentest-besucht-unser-repair-cafe\/","name":"Stiftung Warentest besucht unser Repair Caf\u00e9 - iDoc","isPartOf":{"@id":"https:\/\/www.idoc.eu\/blog\/#website"},"datePublished":"2016-06-13T10:31:25+00:00","dateModified":"2021-02-05T15:40:19+00:00","author":{"@id":"https:\/\/www.idoc.eu\/blog\/#\/schema\/person\/e1d72c447e68af05216b857e74264be5"},"description":"In der Juni-Ausgabe der Stiftung Warentest berichten die beiden Redakteurinnen\u00a0Simone Vintz und Sandra Schwarz \u00fcber ihre spannenden Erfahrungen in\u00a0dem","breadcrumb":{"@id":"https:\/\/www.idoc.eu\/blog\/stiftung-warentest-besucht-unser-repair-cafe\/#breadcrumb"},"inLanguage":"de","potentialAction":[{"@type":"ReadAction","target":["https:\/\/www.idoc.eu\/blog\/stiftung-warentest-besucht-unser-repair-cafe\/"]}]},{"@type":"BreadcrumbList","@id":"https:\/\/www.idoc.eu\/blog\/stiftung-warentest-besucht-unser-repair-cafe\/#breadcrumb","itemListElement":[{"@type":"ListItem","position":1,"name":"Home","item":"https:\/\/www.idoc.eu\/blog\/"},{"@type":"ListItem","position":2,"name":"Stiftung Warentest besucht unser Repair Caf\u00e9"}]},{"@type":"WebSite","@id":"https:\/\/www.idoc.eu\/blog\/#website","url":"https:\/\/www.idoc.eu\/blog\/","name":"Blog","description":"Finde Empfehlungen rund um deine Smartphone-Reparatur: von der richtigen Werkzeugauswahl, \u00fcber Tipps und Tricks f\u00fcr einen erfolgreichen Abschluss bis hin zu Reviews einzelner Smartphone-Reparaturen. Erhalte auch Software-Tipps, um dein Smartphone noch optimaler nutzen zu k\u00f6nnen.","potentialAction":[{"@type":"SearchAction","target":{"@type":"EntryPoint","urlTemplate":"https:\/\/www.idoc.eu\/blog\/?s={search_term_string}"},"query-input":"required name=search_term_string"}],"inLanguage":"de"},{"@type":"Person","@id":"https:\/\/www.idoc.eu\/blog\/#\/schema\/person\/e1d72c447e68af05216b857e74264be5","name":"christopher","image":{"@type":"ImageObject","inLanguage":"de","@id":"https:\/\/www.idoc.eu\/blog\/#\/schema\/person\/image\/","url":"https:\/\/secure.gravatar.com\/avatar\/c56cc3fabc0e5545d56d3f39fc13c9ac?s=96&d=mm&r=g","contentUrl":"https:\/\/secure.gravatar.com\/avatar\/c56cc3fabc0e5545d56d3f39fc13c9ac?s=96&d=mm&r=g","caption":"christopher"},"url":"https:\/\/www.idoc.eu\/blog\/author\/christopher\/"}]}},"_links":{"self":[{"href":"https:\/\/www.idoc.eu\/blog\/wp-json\/wp\/v2\/posts\/5724"}],"collection":[{"href":"https:\/\/www.idoc.eu\/blog\/wp-json\/wp\/v2\/posts"}],"about":[{"href":"https:\/\/www.idoc.eu\/blog\/wp-json\/wp\/v2\/types\/post"}],"author":[{"embeddable":true,"href":"https:\/\/www.idoc.eu\/blog\/wp-json\/wp\/v2\/users\/13"}],"replies":[{"embeddable":true,"href":"https:\/\/www.idoc.eu\/blog\/wp-json\/wp\/v2\/comments?post=5724"}],"version-history":[{"count":0,"href":"https:\/\/www.idoc.eu\/blog\/wp-json\/wp\/v2\/posts\/5724\/revisions"}],"wp:featuredmedia":[{"embeddable":true,"href":"https:\/\/www.idoc.eu\/blog\/wp-json\/wp\/v2\/media\/5725"}],"wp:attachment":[{"href":"https:\/\/www.idoc.eu\/blog\/wp-json\/wp\/v2\/media?parent=5724"}],"wp:term":[{"taxonomy":"category","embeddable":true,"href":"https:\/\/www.idoc.eu\/blog\/wp-json\/wp\/v2\/categories?post=5724"},{"taxonomy":"post_tag","embeddable":true,"href":"https:\/\/www.idoc.eu\/blog\/wp-json\/wp\/v2\/tags?post=5724"}],"curies":[{"name":"wp","href":"https:\/\/api.w.org\/{rel}","templated":true}]}}