{"id":5403,"date":"2020-08-26T08:30:00","date_gmt":"2020-08-26T07:30:00","guid":{"rendered":"https:\/\/www.idoc.eu\/?p=5403"},"modified":"2021-02-19T11:49:55","modified_gmt":"2021-02-19T10:49:55","slug":"icloud-deaktivieren","status":"publish","type":"post","link":"https:\/\/www.idoc.eu\/blog\/icloud-deaktivieren\/","title":{"rendered":"How-to: iCloud deaktivieren oder l\u00f6schen"},"content":{"rendered":"\n<p>Mit der iCloud hast du die M\u00f6glichkeit, wichtige Daten, die lokal auf deinem iPhone oder Mac liegen, online zu speichern. Durch den Upload von Fotos, Keyword-Pr\u00e4sentationen und Erinnerungen kannst du deine Dateien \u00fcber verschiedene Ger\u00e4te hinweg synchron halten. Zus\u00e4tzlich sparst du Speicherplatz auf deinem Ger\u00e4t. <\/p>\n\n\n\n<p><a href=\"#deaktivieren\">iCloud-Funktionen deaktivieren<\/a><br><a href=\"#l\u00f6schen\">Deinen iCloud Account komplett l\u00f6schen<\/a><\/p>\n\n\n\n<h2 id=\"deaktivieren\">So deaktivierst du deine iCloud<\/h2>\n\n\n\n<p>Mit aktiviertem iCloud-Zugriff werden deine Daten automatisch online abgelegt. Hebst du diese Verkn\u00fcpfung auf, werden die Daten auf deinem Ger\u00e4t gel\u00f6scht, bleiben online aber f\u00fcr dich zug\u00e4nglich. Um die automatische Speicherung deiner Daten zu stoppen, ben\u00f6tigst du deine Apple ID. Gehe wie folgt vor, wenn du die iCloud deaktivieren m\u00f6chtest:<\/p>\n\n\n\n<ol><li>Gehe in die Einstellungen deines iPhones und klicke auf deinen Namen. Hier siehst du alle Informationen, die deine Apple ID sowie deinen Account betreffen.&nbsp;<\/li><li>\u00d6ffne den Punkt \u201ciCloud\u201d. Hier findest du eine Auflistung aller Apps, die auf deine iCloud zugreifen und Daten synchronisieren.&nbsp;<\/li><li>Du kannst per Schieberegler individuell entscheiden, welcher App du den Zugriff erlaubst.&nbsp;<\/li><\/ol>\n\n\n\n<div class=\"wp-container-3 wp-block-columns\">\n<div class=\"wp-container-1 wp-block-column\">\n<figure class=\"wp-block-image size-medium is-resized\"><img loading=\"lazy\" src=\"https:\/\/www.idoc.eu\/blog\/wp-content\/uploads\/2020\/08\/iCloud-deaktivieren_1-277.jpg\" alt=\"icloud-deaktivieren_Verkn\u00fcpfungen-aktiv\" class=\"wp-image-7626\" width=\"208\" height=\"450\" srcset=\"https:\/\/www.idoc.eu\/blog\/wp-content\/uploads\/2020\/08\/iCloud-deaktivieren_1-277.jpg 277w, https:\/\/www.idoc.eu\/blog\/wp-content\/uploads\/2020\/08\/iCloud-deaktivieren_1-473.jpg 473w, https:\/\/www.idoc.eu\/blog\/wp-content\/uploads\/2020\/08\/iCloud-deaktivieren_1-139.jpg 139w, https:\/\/www.idoc.eu\/blog\/wp-content\/uploads\/2020\/08\/iCloud-deaktivieren_1-768.jpg 768w, https:\/\/www.idoc.eu\/blog\/wp-content\/uploads\/2020\/08\/iCloud-deaktivieren_1-709.jpg 709w, https:\/\/www.idoc.eu\/blog\/wp-content\/uploads\/2020\/08\/iCloud-deaktivieren_1-946.jpg 946w, https:\/\/www.idoc.eu\/blog\/wp-content\/uploads\/2020\/08\/iCloud-deaktivieren_1-200.jpg 200w, https:\/\/www.idoc.eu\/blog\/wp-content\/uploads\/2020\/08\/iCloud-deaktivieren_1-151.jpg 151w, https:\/\/www.idoc.eu\/blog\/wp-content\/uploads\/2020\/08\/iCloud-deaktivieren_1-400.jpg 400w, https:\/\/www.idoc.eu\/blog\/wp-content\/uploads\/2020\/08\/iCloud-deaktivieren_1-800.jpg 800w, https:\/\/www.idoc.eu\/blog\/wp-content\/uploads\/2020\/08\/iCloud-deaktivieren_1-152.jpg 152w, https:\/\/www.idoc.eu\/blog\/wp-content\/uploads\/2020\/08\/iCloud-deaktivieren_1-304.jpg 304w, https:\/\/www.idoc.eu\/blog\/wp-content\/uploads\/2020\/08\/iCloud-deaktivieren_1-222.jpg 222w, https:\/\/www.idoc.eu\/blog\/wp-content\/uploads\/2020\/08\/iCloud-deaktivieren_1-444.jpg 444w, https:\/\/www.idoc.eu\/blog\/wp-content\/uploads\/2020\/08\/iCloud-deaktivieren_1-254.jpg 254w, https:\/\/www.idoc.eu\/blog\/wp-content\/uploads\/2020\/08\/iCloud-deaktivieren_1-508.jpg 508w, https:\/\/www.idoc.eu\/blog\/wp-content\/uploads\/2020\/08\/iCloud-deaktivieren_1-209.jpg 209w, https:\/\/www.idoc.eu\/blog\/wp-content\/uploads\/2020\/08\/iCloud-deaktivieren_1-418.jpg 418w, https:\/\/www.idoc.eu\/blog\/wp-content\/uploads\/2020\/08\/iCloud-deaktivieren_1-608.jpg 608w, https:\/\/www.idoc.eu\/blog\/wp-content\/uploads\/2020\/08\/iCloud-deaktivieren_1-348.jpg 348w, https:\/\/www.idoc.eu\/blog\/wp-content\/uploads\/2020\/08\/iCloud-deaktivieren_1-696.jpg 696w, https:\/\/www.idoc.eu\/blog\/wp-content\/uploads\/2020\/08\/iCloud-deaktivieren_1-58.jpg 58w, https:\/\/www.idoc.eu\/blog\/wp-content\/uploads\/2020\/08\/iCloud-deaktivieren_1-116.jpg 116w, https:\/\/www.idoc.eu\/blog\/wp-content\/uploads\/2020\/08\/iCloud-deaktivieren_1-92.jpg 92w, https:\/\/www.idoc.eu\/blog\/wp-content\/uploads\/2020\/08\/iCloud-deaktivieren_1-184.jpg 184w, https:\/\/www.idoc.eu\/blog\/wp-content\/uploads\/2020\/08\/iCloud-deaktivieren_1-660.jpg 660w, https:\/\/www.idoc.eu\/blog\/wp-content\/uploads\/2020\/08\/iCloud-deaktivieren_1-960.jpg 960w, https:\/\/www.idoc.eu\/blog\/wp-content\/uploads\/2020\/08\/iCloud-deaktivieren_1-1100.jpg 1100w, https:\/\/www.idoc.eu\/blog\/wp-content\/uploads\/2020\/08\/iCloud-deaktivieren_1-321.jpg 321w, https:\/\/www.idoc.eu\/blog\/wp-content\/uploads\/2020\/08\/iCloud-deaktivieren_1-642.jpg 642w, https:\/\/www.idoc.eu\/blog\/wp-content\/uploads\/2020\/08\/iCloud-deaktivieren_1-468.jpg 468w, https:\/\/www.idoc.eu\/blog\/wp-content\/uploads\/2020\/08\/iCloud-deaktivieren_1-936.jpg 936w, https:\/\/www.idoc.eu\/blog\/wp-content\/uploads\/2020\/08\/iCloud-deaktivieren_1-536.jpg 536w, https:\/\/www.idoc.eu\/blog\/wp-content\/uploads\/2020\/08\/iCloud-deaktivieren_1-1072.jpg 1072w, https:\/\/www.idoc.eu\/blog\/wp-content\/uploads\/2020\/08\/iCloud-deaktivieren_1-195.jpg 195w, https:\/\/www.idoc.eu\/blog\/wp-content\/uploads\/2020\/08\/iCloud-deaktivieren_1-390.jpg 390w, https:\/\/www.idoc.eu\/blog\/wp-content\/uploads\/2020\/08\/iCloud-deaktivieren_1.jpg 1125w\" sizes=\"(max-width: 208px) 100vw, 208px\" \/><figcaption>Im Men\u00fcpunkt &#8220;iCloud&#8221; kannst du sehen, welche Apps deine Daten online speichern.<\/figcaption><\/figure>\n<\/div>\n\n\n\n<div class=\"wp-container-2 wp-block-column\">\n<figure class=\"wp-block-image size-medium is-resized\"><img loading=\"lazy\" src=\"https:\/\/www.idoc.eu\/blog\/wp-content\/uploads\/2020\/08\/iCloud-deaktivieren_2-277.jpg\" alt=\"icloud-deaktivieren_Verkn\u00fcpfungen-inaktiv\" class=\"wp-image-7627\" width=\"208\" height=\"450\" srcset=\"https:\/\/www.idoc.eu\/blog\/wp-content\/uploads\/2020\/08\/iCloud-deaktivieren_2-277.jpg 277w, https:\/\/www.idoc.eu\/blog\/wp-content\/uploads\/2020\/08\/iCloud-deaktivieren_2-473.jpg 473w, https:\/\/www.idoc.eu\/blog\/wp-content\/uploads\/2020\/08\/iCloud-deaktivieren_2-139.jpg 139w, https:\/\/www.idoc.eu\/blog\/wp-content\/uploads\/2020\/08\/iCloud-deaktivieren_2-768.jpg 768w, https:\/\/www.idoc.eu\/blog\/wp-content\/uploads\/2020\/08\/iCloud-deaktivieren_2-709.jpg 709w, https:\/\/www.idoc.eu\/blog\/wp-content\/uploads\/2020\/08\/iCloud-deaktivieren_2-946.jpg 946w, https:\/\/www.idoc.eu\/blog\/wp-content\/uploads\/2020\/08\/iCloud-deaktivieren_2-200.jpg 200w, https:\/\/www.idoc.eu\/blog\/wp-content\/uploads\/2020\/08\/iCloud-deaktivieren_2-151.jpg 151w, https:\/\/www.idoc.eu\/blog\/wp-content\/uploads\/2020\/08\/iCloud-deaktivieren_2-400.jpg 400w, https:\/\/www.idoc.eu\/blog\/wp-content\/uploads\/2020\/08\/iCloud-deaktivieren_2-800.jpg 800w, https:\/\/www.idoc.eu\/blog\/wp-content\/uploads\/2020\/08\/iCloud-deaktivieren_2-152.jpg 152w, https:\/\/www.idoc.eu\/blog\/wp-content\/uploads\/2020\/08\/iCloud-deaktivieren_2-304.jpg 304w, https:\/\/www.idoc.eu\/blog\/wp-content\/uploads\/2020\/08\/iCloud-deaktivieren_2-222.jpg 222w, https:\/\/www.idoc.eu\/blog\/wp-content\/uploads\/2020\/08\/iCloud-deaktivieren_2-444.jpg 444w, https:\/\/www.idoc.eu\/blog\/wp-content\/uploads\/2020\/08\/iCloud-deaktivieren_2-254.jpg 254w, https:\/\/www.idoc.eu\/blog\/wp-content\/uploads\/2020\/08\/iCloud-deaktivieren_2-508.jpg 508w, https:\/\/www.idoc.eu\/blog\/wp-content\/uploads\/2020\/08\/iCloud-deaktivieren_2-209.jpg 209w, https:\/\/www.idoc.eu\/blog\/wp-content\/uploads\/2020\/08\/iCloud-deaktivieren_2-418.jpg 418w, https:\/\/www.idoc.eu\/blog\/wp-content\/uploads\/2020\/08\/iCloud-deaktivieren_2-608.jpg 608w, https:\/\/www.idoc.eu\/blog\/wp-content\/uploads\/2020\/08\/iCloud-deaktivieren_2-348.jpg 348w, https:\/\/www.idoc.eu\/blog\/wp-content\/uploads\/2020\/08\/iCloud-deaktivieren_2-696.jpg 696w, https:\/\/www.idoc.eu\/blog\/wp-content\/uploads\/2020\/08\/iCloud-deaktivieren_2-58.jpg 58w, https:\/\/www.idoc.eu\/blog\/wp-content\/uploads\/2020\/08\/iCloud-deaktivieren_2-116.jpg 116w, https:\/\/www.idoc.eu\/blog\/wp-content\/uploads\/2020\/08\/iCloud-deaktivieren_2-92.jpg 92w, https:\/\/www.idoc.eu\/blog\/wp-content\/uploads\/2020\/08\/iCloud-deaktivieren_2-184.jpg 184w, https:\/\/www.idoc.eu\/blog\/wp-content\/uploads\/2020\/08\/iCloud-deaktivieren_2-660.jpg 660w, https:\/\/www.idoc.eu\/blog\/wp-content\/uploads\/2020\/08\/iCloud-deaktivieren_2-960.jpg 960w, https:\/\/www.idoc.eu\/blog\/wp-content\/uploads\/2020\/08\/iCloud-deaktivieren_2-1100.jpg 1100w, https:\/\/www.idoc.eu\/blog\/wp-content\/uploads\/2020\/08\/iCloud-deaktivieren_2-321.jpg 321w, https:\/\/www.idoc.eu\/blog\/wp-content\/uploads\/2020\/08\/iCloud-deaktivieren_2-642.jpg 642w, https:\/\/www.idoc.eu\/blog\/wp-content\/uploads\/2020\/08\/iCloud-deaktivieren_2-468.jpg 468w, https:\/\/www.idoc.eu\/blog\/wp-content\/uploads\/2020\/08\/iCloud-deaktivieren_2-936.jpg 936w, https:\/\/www.idoc.eu\/blog\/wp-content\/uploads\/2020\/08\/iCloud-deaktivieren_2-536.jpg 536w, https:\/\/www.idoc.eu\/blog\/wp-content\/uploads\/2020\/08\/iCloud-deaktivieren_2-1072.jpg 1072w, https:\/\/www.idoc.eu\/blog\/wp-content\/uploads\/2020\/08\/iCloud-deaktivieren_2-195.jpg 195w, https:\/\/www.idoc.eu\/blog\/wp-content\/uploads\/2020\/08\/iCloud-deaktivieren_2-390.jpg 390w, https:\/\/www.idoc.eu\/blog\/wp-content\/uploads\/2020\/08\/iCloud-deaktivieren_2.jpg 1125w\" sizes=\"(max-width: 208px) 100vw, 208px\" \/><figcaption>Per Schieberegler kannst du individuell entscheiden, welche App Zugriff auf deine iCloud haben soll.<\/figcaption><\/figure>\n<\/div>\n<\/div>\n\n\n\n<h2 id=\"l\u00f6schen\">Du willst deinen iCloud Account komplett l\u00f6schen?<\/h2>\n\n\n\n<p>Falls du Apple-Dienste wie iMessage oder Face Time nicht mehr nutzt und auch keinen Zugriff auf gekaufte Apps oder deinen iCloud-Speicher ben\u00f6tigst, macht es Sinn, deine Apple ID komplett zu l\u00f6schen. Das kann zum Beispiel der Fall sein, wenn du bisher mehrere Konten f\u00fchrst und nun auf eins verzichten m\u00f6chtest, oder wenn du von Apple auf Android umsteigst. Zur L\u00f6schung deines iCloud Accounts gehst du wie folgt vor:<\/p>\n\n\n\n<ol><li>Gehe in die Einstellungen deines iPhones und klicke auf deinen Namen.&nbsp;<\/li><li>Scrolle ganz nach unten und w\u00e4hle \u201cAbmelden\u201d.<\/li><li>Best\u00e4tige die Abmeldung durch die Eingabe deines Passworts. Dadurch deaktivierst du auch \u201cMein iPhone suchen\u201d.&nbsp;<br><br>Dein Ger\u00e4t ist nun nicht mehr mit deiner iCloud verbunden. Alle online gesicherten Daten werden von deinem Ger\u00e4t gel\u00f6scht. Online ist dein Ger\u00e4t nicht mehr sichtbar.<\/li><\/ol>\n\n\n\n<div class=\"wp-container-6 wp-block-columns\">\n<div class=\"wp-container-4 wp-block-column\">\n<figure class=\"wp-block-image size-medium is-resized\"><img loading=\"lazy\" src=\"https:\/\/www.idoc.eu\/blog\/wp-content\/uploads\/2020\/08\/iCloud-loeschen_1-277.jpg\" alt=\"icloud-l\u00f6schen-Schritt1\" class=\"wp-image-7628\" width=\"208\" height=\"450\" srcset=\"https:\/\/www.idoc.eu\/blog\/wp-content\/uploads\/2020\/08\/iCloud-loeschen_1-277.jpg 277w, https:\/\/www.idoc.eu\/blog\/wp-content\/uploads\/2020\/08\/iCloud-loeschen_1-473.jpg 473w, https:\/\/www.idoc.eu\/blog\/wp-content\/uploads\/2020\/08\/iCloud-loeschen_1-139.jpg 139w, https:\/\/www.idoc.eu\/blog\/wp-content\/uploads\/2020\/08\/iCloud-loeschen_1-768.jpg 768w, https:\/\/www.idoc.eu\/blog\/wp-content\/uploads\/2020\/08\/iCloud-loeschen_1-709.jpg 709w, https:\/\/www.idoc.eu\/blog\/wp-content\/uploads\/2020\/08\/iCloud-loeschen_1-946.jpg 946w, https:\/\/www.idoc.eu\/blog\/wp-content\/uploads\/2020\/08\/iCloud-loeschen_1-200.jpg 200w, https:\/\/www.idoc.eu\/blog\/wp-content\/uploads\/2020\/08\/iCloud-loeschen_1-151.jpg 151w, https:\/\/www.idoc.eu\/blog\/wp-content\/uploads\/2020\/08\/iCloud-loeschen_1-400.jpg 400w, https:\/\/www.idoc.eu\/blog\/wp-content\/uploads\/2020\/08\/iCloud-loeschen_1-800.jpg 800w, https:\/\/www.idoc.eu\/blog\/wp-content\/uploads\/2020\/08\/iCloud-loeschen_1-152.jpg 152w, https:\/\/www.idoc.eu\/blog\/wp-content\/uploads\/2020\/08\/iCloud-loeschen_1-304.jpg 304w, https:\/\/www.idoc.eu\/blog\/wp-content\/uploads\/2020\/08\/iCloud-loeschen_1-222.jpg 222w, https:\/\/www.idoc.eu\/blog\/wp-content\/uploads\/2020\/08\/iCloud-loeschen_1-444.jpg 444w, https:\/\/www.idoc.eu\/blog\/wp-content\/uploads\/2020\/08\/iCloud-loeschen_1-254.jpg 254w, https:\/\/www.idoc.eu\/blog\/wp-content\/uploads\/2020\/08\/iCloud-loeschen_1-508.jpg 508w, https:\/\/www.idoc.eu\/blog\/wp-content\/uploads\/2020\/08\/iCloud-loeschen_1-209.jpg 209w, https:\/\/www.idoc.eu\/blog\/wp-content\/uploads\/2020\/08\/iCloud-loeschen_1-418.jpg 418w, https:\/\/www.idoc.eu\/blog\/wp-content\/uploads\/2020\/08\/iCloud-loeschen_1-608.jpg 608w, https:\/\/www.idoc.eu\/blog\/wp-content\/uploads\/2020\/08\/iCloud-loeschen_1-348.jpg 348w, https:\/\/www.idoc.eu\/blog\/wp-content\/uploads\/2020\/08\/iCloud-loeschen_1-696.jpg 696w, https:\/\/www.idoc.eu\/blog\/wp-content\/uploads\/2020\/08\/iCloud-loeschen_1-58.jpg 58w, https:\/\/www.idoc.eu\/blog\/wp-content\/uploads\/2020\/08\/iCloud-loeschen_1-116.jpg 116w, https:\/\/www.idoc.eu\/blog\/wp-content\/uploads\/2020\/08\/iCloud-loeschen_1-92.jpg 92w, https:\/\/www.idoc.eu\/blog\/wp-content\/uploads\/2020\/08\/iCloud-loeschen_1-184.jpg 184w, https:\/\/www.idoc.eu\/blog\/wp-content\/uploads\/2020\/08\/iCloud-loeschen_1-660.jpg 660w, https:\/\/www.idoc.eu\/blog\/wp-content\/uploads\/2020\/08\/iCloud-loeschen_1-960.jpg 960w, https:\/\/www.idoc.eu\/blog\/wp-content\/uploads\/2020\/08\/iCloud-loeschen_1-1100.jpg 1100w, https:\/\/www.idoc.eu\/blog\/wp-content\/uploads\/2020\/08\/iCloud-loeschen_1-321.jpg 321w, https:\/\/www.idoc.eu\/blog\/wp-content\/uploads\/2020\/08\/iCloud-loeschen_1-642.jpg 642w, https:\/\/www.idoc.eu\/blog\/wp-content\/uploads\/2020\/08\/iCloud-loeschen_1-468.jpg 468w, https:\/\/www.idoc.eu\/blog\/wp-content\/uploads\/2020\/08\/iCloud-loeschen_1-936.jpg 936w, https:\/\/www.idoc.eu\/blog\/wp-content\/uploads\/2020\/08\/iCloud-loeschen_1-536.jpg 536w, https:\/\/www.idoc.eu\/blog\/wp-content\/uploads\/2020\/08\/iCloud-loeschen_1-1072.jpg 1072w, https:\/\/www.idoc.eu\/blog\/wp-content\/uploads\/2020\/08\/iCloud-loeschen_1-195.jpg 195w, https:\/\/www.idoc.eu\/blog\/wp-content\/uploads\/2020\/08\/iCloud-loeschen_1-390.jpg 390w, https:\/\/www.idoc.eu\/blog\/wp-content\/uploads\/2020\/08\/iCloud-loeschen_1.jpg 1125w\" sizes=\"(max-width: 208px) 100vw, 208px\" \/><figcaption>Um die iCloud komplett zu l\u00f6schen, musst du dein Ger\u00e4t vorerst abmelden.<\/figcaption><\/figure>\n<\/div>\n\n\n\n<div class=\"wp-container-5 wp-block-column\">\n<figure class=\"wp-block-image size-medium is-resized\"><img loading=\"lazy\" src=\"https:\/\/www.idoc.eu\/blog\/wp-content\/uploads\/2020\/08\/iCloud-loeschen_2-277.jpg\" alt=\"icloud-l\u00f6schen-Schritt2\" class=\"wp-image-7629\" width=\"208\" height=\"450\" srcset=\"https:\/\/www.idoc.eu\/blog\/wp-content\/uploads\/2020\/08\/iCloud-loeschen_2-277.jpg 277w, https:\/\/www.idoc.eu\/blog\/wp-content\/uploads\/2020\/08\/iCloud-loeschen_2-473.jpg 473w, https:\/\/www.idoc.eu\/blog\/wp-content\/uploads\/2020\/08\/iCloud-loeschen_2-139.jpg 139w, https:\/\/www.idoc.eu\/blog\/wp-content\/uploads\/2020\/08\/iCloud-loeschen_2-768.jpg 768w, https:\/\/www.idoc.eu\/blog\/wp-content\/uploads\/2020\/08\/iCloud-loeschen_2-709.jpg 709w, https:\/\/www.idoc.eu\/blog\/wp-content\/uploads\/2020\/08\/iCloud-loeschen_2-946.jpg 946w, https:\/\/www.idoc.eu\/blog\/wp-content\/uploads\/2020\/08\/iCloud-loeschen_2-200.jpg 200w, https:\/\/www.idoc.eu\/blog\/wp-content\/uploads\/2020\/08\/iCloud-loeschen_2-151.jpg 151w, https:\/\/www.idoc.eu\/blog\/wp-content\/uploads\/2020\/08\/iCloud-loeschen_2-400.jpg 400w, https:\/\/www.idoc.eu\/blog\/wp-content\/uploads\/2020\/08\/iCloud-loeschen_2-800.jpg 800w, https:\/\/www.idoc.eu\/blog\/wp-content\/uploads\/2020\/08\/iCloud-loeschen_2-152.jpg 152w, https:\/\/www.idoc.eu\/blog\/wp-content\/uploads\/2020\/08\/iCloud-loeschen_2-304.jpg 304w, https:\/\/www.idoc.eu\/blog\/wp-content\/uploads\/2020\/08\/iCloud-loeschen_2-222.jpg 222w, https:\/\/www.idoc.eu\/blog\/wp-content\/uploads\/2020\/08\/iCloud-loeschen_2-444.jpg 444w, https:\/\/www.idoc.eu\/blog\/wp-content\/uploads\/2020\/08\/iCloud-loeschen_2-254.jpg 254w, https:\/\/www.idoc.eu\/blog\/wp-content\/uploads\/2020\/08\/iCloud-loeschen_2-508.jpg 508w, https:\/\/www.idoc.eu\/blog\/wp-content\/uploads\/2020\/08\/iCloud-loeschen_2-209.jpg 209w, https:\/\/www.idoc.eu\/blog\/wp-content\/uploads\/2020\/08\/iCloud-loeschen_2-418.jpg 418w, https:\/\/www.idoc.eu\/blog\/wp-content\/uploads\/2020\/08\/iCloud-loeschen_2-608.jpg 608w, https:\/\/www.idoc.eu\/blog\/wp-content\/uploads\/2020\/08\/iCloud-loeschen_2-348.jpg 348w, https:\/\/www.idoc.eu\/blog\/wp-content\/uploads\/2020\/08\/iCloud-loeschen_2-696.jpg 696w, https:\/\/www.idoc.eu\/blog\/wp-content\/uploads\/2020\/08\/iCloud-loeschen_2-58.jpg 58w, https:\/\/www.idoc.eu\/blog\/wp-content\/uploads\/2020\/08\/iCloud-loeschen_2-116.jpg 116w, https:\/\/www.idoc.eu\/blog\/wp-content\/uploads\/2020\/08\/iCloud-loeschen_2-92.jpg 92w, https:\/\/www.idoc.eu\/blog\/wp-content\/uploads\/2020\/08\/iCloud-loeschen_2-184.jpg 184w, https:\/\/www.idoc.eu\/blog\/wp-content\/uploads\/2020\/08\/iCloud-loeschen_2-660.jpg 660w, https:\/\/www.idoc.eu\/blog\/wp-content\/uploads\/2020\/08\/iCloud-loeschen_2-960.jpg 960w, https:\/\/www.idoc.eu\/blog\/wp-content\/uploads\/2020\/08\/iCloud-loeschen_2-1100.jpg 1100w, https:\/\/www.idoc.eu\/blog\/wp-content\/uploads\/2020\/08\/iCloud-loeschen_2-321.jpg 321w, https:\/\/www.idoc.eu\/blog\/wp-content\/uploads\/2020\/08\/iCloud-loeschen_2-642.jpg 642w, https:\/\/www.idoc.eu\/blog\/wp-content\/uploads\/2020\/08\/iCloud-loeschen_2-468.jpg 468w, https:\/\/www.idoc.eu\/blog\/wp-content\/uploads\/2020\/08\/iCloud-loeschen_2-936.jpg 936w, https:\/\/www.idoc.eu\/blog\/wp-content\/uploads\/2020\/08\/iCloud-loeschen_2-536.jpg 536w, https:\/\/www.idoc.eu\/blog\/wp-content\/uploads\/2020\/08\/iCloud-loeschen_2-1072.jpg 1072w, https:\/\/www.idoc.eu\/blog\/wp-content\/uploads\/2020\/08\/iCloud-loeschen_2-195.jpg 195w, https:\/\/www.idoc.eu\/blog\/wp-content\/uploads\/2020\/08\/iCloud-loeschen_2-390.jpg 390w, https:\/\/www.idoc.eu\/blog\/wp-content\/uploads\/2020\/08\/iCloud-loeschen_2.jpg 1125w\" sizes=\"(max-width: 208px) 100vw, 208px\" \/><figcaption>Mit der Eingabe deines Passworts deaktivierst du au\u00dferdem die Funktion &#8220;Mein iPhone suchen&#8221;.<\/figcaption><\/figure>\n<\/div>\n<\/div>\n\n\n\n<ol><li>Im Anschluss kannst du die <a href=\"https:\/\/privacy.apple.com\/\" class=\"external\" rel=\"nofollow\" target=\"_blank\">L\u00f6schung deines Accounts<\/a> direkt bei Apple beantragen. Deine Anfrage wird erst gepr\u00fcft, bevor dein Account gel\u00f6scht wird. Dies kann bis zu sieben Tage dauern.<\/li><\/ol>\n\n\n\n<div class=\"wp-container-9 wp-block-columns\">\n<div class=\"wp-container-7 wp-block-column\">\n<figure class=\"wp-block-image size-medium is-resized\"><img loading=\"lazy\" src=\"https:\/\/www.idoc.eu\/blog\/wp-content\/uploads\/2020\/08\/iCloud-loeschen_3-277.jpg\" alt=\"icloud-l\u00f6schen-Schritt3\" class=\"wp-image-7630\" width=\"208\" height=\"450\" srcset=\"https:\/\/www.idoc.eu\/blog\/wp-content\/uploads\/2020\/08\/iCloud-loeschen_3-277.jpg 277w, https:\/\/www.idoc.eu\/blog\/wp-content\/uploads\/2020\/08\/iCloud-loeschen_3-473.jpg 473w, https:\/\/www.idoc.eu\/blog\/wp-content\/uploads\/2020\/08\/iCloud-loeschen_3-139.jpg 139w, https:\/\/www.idoc.eu\/blog\/wp-content\/uploads\/2020\/08\/iCloud-loeschen_3-768.jpg 768w, https:\/\/www.idoc.eu\/blog\/wp-content\/uploads\/2020\/08\/iCloud-loeschen_3-709.jpg 709w, https:\/\/www.idoc.eu\/blog\/wp-content\/uploads\/2020\/08\/iCloud-loeschen_3-946.jpg 946w, https:\/\/www.idoc.eu\/blog\/wp-content\/uploads\/2020\/08\/iCloud-loeschen_3-200.jpg 200w, https:\/\/www.idoc.eu\/blog\/wp-content\/uploads\/2020\/08\/iCloud-loeschen_3-151.jpg 151w, https:\/\/www.idoc.eu\/blog\/wp-content\/uploads\/2020\/08\/iCloud-loeschen_3-400.jpg 400w, https:\/\/www.idoc.eu\/blog\/wp-content\/uploads\/2020\/08\/iCloud-loeschen_3-800.jpg 800w, https:\/\/www.idoc.eu\/blog\/wp-content\/uploads\/2020\/08\/iCloud-loeschen_3-152.jpg 152w, https:\/\/www.idoc.eu\/blog\/wp-content\/uploads\/2020\/08\/iCloud-loeschen_3-304.jpg 304w, https:\/\/www.idoc.eu\/blog\/wp-content\/uploads\/2020\/08\/iCloud-loeschen_3-222.jpg 222w, https:\/\/www.idoc.eu\/blog\/wp-content\/uploads\/2020\/08\/iCloud-loeschen_3-444.jpg 444w, https:\/\/www.idoc.eu\/blog\/wp-content\/uploads\/2020\/08\/iCloud-loeschen_3-254.jpg 254w, https:\/\/www.idoc.eu\/blog\/wp-content\/uploads\/2020\/08\/iCloud-loeschen_3-508.jpg 508w, https:\/\/www.idoc.eu\/blog\/wp-content\/uploads\/2020\/08\/iCloud-loeschen_3-209.jpg 209w, https:\/\/www.idoc.eu\/blog\/wp-content\/uploads\/2020\/08\/iCloud-loeschen_3-418.jpg 418w, https:\/\/www.idoc.eu\/blog\/wp-content\/uploads\/2020\/08\/iCloud-loeschen_3-608.jpg 608w, https:\/\/www.idoc.eu\/blog\/wp-content\/uploads\/2020\/08\/iCloud-loeschen_3-348.jpg 348w, https:\/\/www.idoc.eu\/blog\/wp-content\/uploads\/2020\/08\/iCloud-loeschen_3-696.jpg 696w, https:\/\/www.idoc.eu\/blog\/wp-content\/uploads\/2020\/08\/iCloud-loeschen_3-58.jpg 58w, https:\/\/www.idoc.eu\/blog\/wp-content\/uploads\/2020\/08\/iCloud-loeschen_3-116.jpg 116w, https:\/\/www.idoc.eu\/blog\/wp-content\/uploads\/2020\/08\/iCloud-loeschen_3-92.jpg 92w, https:\/\/www.idoc.eu\/blog\/wp-content\/uploads\/2020\/08\/iCloud-loeschen_3-184.jpg 184w, https:\/\/www.idoc.eu\/blog\/wp-content\/uploads\/2020\/08\/iCloud-loeschen_3-660.jpg 660w, https:\/\/www.idoc.eu\/blog\/wp-content\/uploads\/2020\/08\/iCloud-loeschen_3-960.jpg 960w, https:\/\/www.idoc.eu\/blog\/wp-content\/uploads\/2020\/08\/iCloud-loeschen_3-1100.jpg 1100w, https:\/\/www.idoc.eu\/blog\/wp-content\/uploads\/2020\/08\/iCloud-loeschen_3-321.jpg 321w, https:\/\/www.idoc.eu\/blog\/wp-content\/uploads\/2020\/08\/iCloud-loeschen_3-642.jpg 642w, https:\/\/www.idoc.eu\/blog\/wp-content\/uploads\/2020\/08\/iCloud-loeschen_3-468.jpg 468w, https:\/\/www.idoc.eu\/blog\/wp-content\/uploads\/2020\/08\/iCloud-loeschen_3-936.jpg 936w, https:\/\/www.idoc.eu\/blog\/wp-content\/uploads\/2020\/08\/iCloud-loeschen_3-536.jpg 536w, https:\/\/www.idoc.eu\/blog\/wp-content\/uploads\/2020\/08\/iCloud-loeschen_3-1072.jpg 1072w, https:\/\/www.idoc.eu\/blog\/wp-content\/uploads\/2020\/08\/iCloud-loeschen_3-195.jpg 195w, https:\/\/www.idoc.eu\/blog\/wp-content\/uploads\/2020\/08\/iCloud-loeschen_3-390.jpg 390w, https:\/\/www.idoc.eu\/blog\/wp-content\/uploads\/2020\/08\/iCloud-loeschen_3.jpg 1125w\" sizes=\"(max-width: 208px) 100vw, 208px\" \/><figcaption>\u00dcber die URL privacy.apple.com kannst du die L\u00f6schung deines Accounts beantragen.<\/figcaption><\/figure>\n<\/div>\n\n\n\n<div class=\"wp-container-8 wp-block-column\">\n<figure class=\"wp-block-image size-medium is-resized\"><img loading=\"lazy\" src=\"https:\/\/www.idoc.eu\/blog\/wp-content\/uploads\/2020\/08\/iCloud-loeschen_4-1-277.jpg\" alt=\"icloud-l\u00f6schen-Schritt4\" class=\"wp-image-7633\" width=\"208\" height=\"450\" srcset=\"https:\/\/www.idoc.eu\/blog\/wp-content\/uploads\/2020\/08\/iCloud-loeschen_4-1-277.jpg 277w, https:\/\/www.idoc.eu\/blog\/wp-content\/uploads\/2020\/08\/iCloud-loeschen_4-1-473.jpg 473w, https:\/\/www.idoc.eu\/blog\/wp-content\/uploads\/2020\/08\/iCloud-loeschen_4-1-139.jpg 139w, https:\/\/www.idoc.eu\/blog\/wp-content\/uploads\/2020\/08\/iCloud-loeschen_4-1-768.jpg 768w, https:\/\/www.idoc.eu\/blog\/wp-content\/uploads\/2020\/08\/iCloud-loeschen_4-1-709.jpg 709w, https:\/\/www.idoc.eu\/blog\/wp-content\/uploads\/2020\/08\/iCloud-loeschen_4-1-946.jpg 946w, https:\/\/www.idoc.eu\/blog\/wp-content\/uploads\/2020\/08\/iCloud-loeschen_4-1-200.jpg 200w, https:\/\/www.idoc.eu\/blog\/wp-content\/uploads\/2020\/08\/iCloud-loeschen_4-1-151.jpg 151w, https:\/\/www.idoc.eu\/blog\/wp-content\/uploads\/2020\/08\/iCloud-loeschen_4-1-400.jpg 400w, https:\/\/www.idoc.eu\/blog\/wp-content\/uploads\/2020\/08\/iCloud-loeschen_4-1-800.jpg 800w, https:\/\/www.idoc.eu\/blog\/wp-content\/uploads\/2020\/08\/iCloud-loeschen_4-1-152.jpg 152w, https:\/\/www.idoc.eu\/blog\/wp-content\/uploads\/2020\/08\/iCloud-loeschen_4-1-304.jpg 304w, https:\/\/www.idoc.eu\/blog\/wp-content\/uploads\/2020\/08\/iCloud-loeschen_4-1-222.jpg 222w, https:\/\/www.idoc.eu\/blog\/wp-content\/uploads\/2020\/08\/iCloud-loeschen_4-1-444.jpg 444w, https:\/\/www.idoc.eu\/blog\/wp-content\/uploads\/2020\/08\/iCloud-loeschen_4-1-254.jpg 254w, https:\/\/www.idoc.eu\/blog\/wp-content\/uploads\/2020\/08\/iCloud-loeschen_4-1-508.jpg 508w, https:\/\/www.idoc.eu\/blog\/wp-content\/uploads\/2020\/08\/iCloud-loeschen_4-1-209.jpg 209w, https:\/\/www.idoc.eu\/blog\/wp-content\/uploads\/2020\/08\/iCloud-loeschen_4-1-418.jpg 418w, https:\/\/www.idoc.eu\/blog\/wp-content\/uploads\/2020\/08\/iCloud-loeschen_4-1-608.jpg 608w, https:\/\/www.idoc.eu\/blog\/wp-content\/uploads\/2020\/08\/iCloud-loeschen_4-1-348.jpg 348w, https:\/\/www.idoc.eu\/blog\/wp-content\/uploads\/2020\/08\/iCloud-loeschen_4-1-696.jpg 696w, https:\/\/www.idoc.eu\/blog\/wp-content\/uploads\/2020\/08\/iCloud-loeschen_4-1-58.jpg 58w, https:\/\/www.idoc.eu\/blog\/wp-content\/uploads\/2020\/08\/iCloud-loeschen_4-1-116.jpg 116w, https:\/\/www.idoc.eu\/blog\/wp-content\/uploads\/2020\/08\/iCloud-loeschen_4-1-92.jpg 92w, https:\/\/www.idoc.eu\/blog\/wp-content\/uploads\/2020\/08\/iCloud-loeschen_4-1-184.jpg 184w, https:\/\/www.idoc.eu\/blog\/wp-content\/uploads\/2020\/08\/iCloud-loeschen_4-1-660.jpg 660w, https:\/\/www.idoc.eu\/blog\/wp-content\/uploads\/2020\/08\/iCloud-loeschen_4-1-960.jpg 960w, https:\/\/www.idoc.eu\/blog\/wp-content\/uploads\/2020\/08\/iCloud-loeschen_4-1-1100.jpg 1100w, https:\/\/www.idoc.eu\/blog\/wp-content\/uploads\/2020\/08\/iCloud-loeschen_4-1-321.jpg 321w, https:\/\/www.idoc.eu\/blog\/wp-content\/uploads\/2020\/08\/iCloud-loeschen_4-1-642.jpg 642w, https:\/\/www.idoc.eu\/blog\/wp-content\/uploads\/2020\/08\/iCloud-loeschen_4-1-468.jpg 468w, https:\/\/www.idoc.eu\/blog\/wp-content\/uploads\/2020\/08\/iCloud-loeschen_4-1-936.jpg 936w, https:\/\/www.idoc.eu\/blog\/wp-content\/uploads\/2020\/08\/iCloud-loeschen_4-1-536.jpg 536w, https:\/\/www.idoc.eu\/blog\/wp-content\/uploads\/2020\/08\/iCloud-loeschen_4-1-1072.jpg 1072w, https:\/\/www.idoc.eu\/blog\/wp-content\/uploads\/2020\/08\/iCloud-loeschen_4-1-195.jpg 195w, https:\/\/www.idoc.eu\/blog\/wp-content\/uploads\/2020\/08\/iCloud-loeschen_4-1-390.jpg 390w, https:\/\/www.idoc.eu\/blog\/wp-content\/uploads\/2020\/08\/iCloud-loeschen_4-1.jpg 1125w\" sizes=\"(max-width: 208px) 100vw, 208px\" \/><figcaption>Bis deine L\u00f6schanfrage gepr\u00fcft wurde, bleibt dein Account aktiv. <\/figcaption><\/figure>\n<\/div>\n<\/div>\n\n\n\n<!--more-->\n","protected":false},"excerpt":{"rendered":"<p>Du ben\u00f6tigst die iCloud-Synchronisierung nicht mehr, weil du online weniger sichtbar sein willst, du dein iPhone verkaufst oder nur noch gesch\u00e4ftlich nutzen m\u00f6chtest? Dann deaktiviere die automatische Speicherung oder l\u00f6sche deinen Account \u2013 wir zeigen dir, wie du dabei vorgehst.<\/p>\n","protected":false},"author":13,"featured_media":7635,"comment_status":"open","ping_status":"open","sticky":false,"template":"","format":"standard","meta":[],"categories":[869],"tags":[1740,1717,1715,1718,1720,1722],"acf":[],"yoast_head":"<!-- This site is optimized with the Yoast SEO plugin v19.8 - https:\/\/yoast.com\/wordpress\/plugins\/seo\/ -->\n<title>How-to: iCloud deaktivieren oder l\u00f6schen - iDoc<\/title>\n<meta name=\"description\" content=\"Du ben\u00f6tigst einige Funktionen der iCloud nicht mehr? Wie du deine iCloud deaktivieren oder die Apple ID komplett l\u00f6schen kannst, erf\u00e4hrst du hier \u25b6\" \/>\n<meta name=\"robots\" content=\"index, follow, max-snippet:-1, max-image-preview:large, max-video-preview:-1\" \/>\n<link rel=\"canonical\" href=\"https:\/\/www.idoc.eu\/blog\/icloud-deaktivieren\/\" \/>\n<meta property=\"og:locale\" content=\"de_DE\" \/>\n<meta property=\"og:type\" content=\"article\" \/>\n<meta property=\"og:title\" content=\"iCloud Account l\u00f6schen\" \/>\n<meta property=\"og:description\" content=\"Die iCloud bietet einige n\u00fctzliche Funktionen. Wenn ihr sie jedoch endg\u00fcltig nicht mehr ben\u00f6tigt, k\u00f6nnt ihr den Account wie folgt l\u00f6schen:\" \/>\n<meta property=\"og:url\" content=\"https:\/\/www.idoc.eu\/blog\/icloud-deaktivieren\/\" \/>\n<meta property=\"og:site_name\" content=\"Blog\" \/>\n<meta property=\"article:publisher\" content=\"https:\/\/www.facebook.com\/iDocEurope\" \/>\n<meta property=\"article:published_time\" content=\"2020-08-26T07:30:00+00:00\" \/>\n<meta property=\"article:modified_time\" content=\"2021-02-19T10:49:55+00:00\" \/>\n<meta property=\"og:image\" content=\"https:\/\/www.idoc.eu\/blog\/wp-content\/uploads\/2015\/10\/Blog-Titel-iCloud-deaktivieren_3.jpg\" \/>\n\t<meta property=\"og:image:width\" content=\"2200\" \/>\n\t<meta property=\"og:image:height\" content=\"1380\" \/>\n\t<meta property=\"og:image:type\" content=\"image\/jpeg\" \/>\n<meta name=\"author\" content=\"christopher\" \/>\n<meta name=\"twitter:label1\" content=\"Verfasst von\" \/>\n\t<meta name=\"twitter:data1\" content=\"christopher\" \/>\n\t<meta name=\"twitter:label2\" content=\"Gesch\u00e4tzte Lesezeit\" \/>\n\t<meta name=\"twitter:data2\" content=\"3\u00a0Minuten\" \/>\n<script type=\"application\/ld+json\" class=\"yoast-schema-graph\">{\"@context\":\"https:\/\/schema.org\",\"@graph\":[{\"@type\":\"WebPage\",\"@id\":\"https:\/\/www.idoc.eu\/blog\/icloud-deaktivieren\/\",\"url\":\"https:\/\/www.idoc.eu\/blog\/icloud-deaktivieren\/\",\"name\":\"How-to: iCloud deaktivieren oder l\u00f6schen - iDoc\",\"isPartOf\":{\"@id\":\"https:\/\/www.idoc.eu\/blog\/#website\"},\"datePublished\":\"2020-08-26T07:30:00+00:00\",\"dateModified\":\"2021-02-19T10:49:55+00:00\",\"author\":{\"@id\":\"https:\/\/www.idoc.eu\/blog\/#\/schema\/person\/e1d72c447e68af05216b857e74264be5\"},\"description\":\"Du ben\u00f6tigst einige Funktionen der iCloud nicht mehr? Wie du deine iCloud deaktivieren oder die Apple ID komplett l\u00f6schen kannst, erf\u00e4hrst du hier \u25b6\",\"breadcrumb\":{\"@id\":\"https:\/\/www.idoc.eu\/blog\/icloud-deaktivieren\/#breadcrumb\"},\"inLanguage\":\"de\",\"potentialAction\":[{\"@type\":\"ReadAction\",\"target\":[\"https:\/\/www.idoc.eu\/blog\/icloud-deaktivieren\/\"]}]},{\"@type\":\"BreadcrumbList\",\"@id\":\"https:\/\/www.idoc.eu\/blog\/icloud-deaktivieren\/#breadcrumb\",\"itemListElement\":[{\"@type\":\"ListItem\",\"position\":1,\"name\":\"Home\",\"item\":\"https:\/\/www.idoc.eu\/blog\/\"},{\"@type\":\"ListItem\",\"position\":2,\"name\":\"How-to: iCloud deaktivieren oder l\u00f6schen\"}]},{\"@type\":\"WebSite\",\"@id\":\"https:\/\/www.idoc.eu\/blog\/#website\",\"url\":\"https:\/\/www.idoc.eu\/blog\/\",\"name\":\"Blog\",\"description\":\"Finde Empfehlungen rund um deine Smartphone-Reparatur: von der richtigen Werkzeugauswahl, \u00fcber Tipps und Tricks f\u00fcr einen erfolgreichen Abschluss bis hin zu Reviews einzelner Smartphone-Reparaturen. Erhalte auch Software-Tipps, um dein Smartphone noch optimaler nutzen zu k\u00f6nnen.\",\"potentialAction\":[{\"@type\":\"SearchAction\",\"target\":{\"@type\":\"EntryPoint\",\"urlTemplate\":\"https:\/\/www.idoc.eu\/blog\/?s={search_term_string}\"},\"query-input\":\"required name=search_term_string\"}],\"inLanguage\":\"de\"},{\"@type\":\"Person\",\"@id\":\"https:\/\/www.idoc.eu\/blog\/#\/schema\/person\/e1d72c447e68af05216b857e74264be5\",\"name\":\"christopher\",\"image\":{\"@type\":\"ImageObject\",\"inLanguage\":\"de\",\"@id\":\"https:\/\/www.idoc.eu\/blog\/#\/schema\/person\/image\/\",\"url\":\"https:\/\/secure.gravatar.com\/avatar\/c56cc3fabc0e5545d56d3f39fc13c9ac?s=96&d=mm&r=g\",\"contentUrl\":\"https:\/\/secure.gravatar.com\/avatar\/c56cc3fabc0e5545d56d3f39fc13c9ac?s=96&d=mm&r=g\",\"caption\":\"christopher\"},\"url\":\"https:\/\/www.idoc.eu\/blog\/author\/christopher\/\"}]}<\/script>\n<!-- \/ Yoast SEO plugin. -->","yoast_head_json":{"title":"How-to: iCloud deaktivieren oder l\u00f6schen - iDoc","description":"Du ben\u00f6tigst einige Funktionen der iCloud nicht mehr? Wie du deine iCloud deaktivieren oder die Apple ID komplett l\u00f6schen kannst, erf\u00e4hrst du hier \u25b6","robots":{"index":"index","follow":"follow","max-snippet":"max-snippet:-1","max-image-preview":"max-image-preview:large","max-video-preview":"max-video-preview:-1"},"canonical":"https:\/\/www.idoc.eu\/blog\/icloud-deaktivieren\/","og_locale":"de_DE","og_type":"article","og_title":"iCloud Account l\u00f6schen","og_description":"Die iCloud bietet einige n\u00fctzliche Funktionen. Wenn ihr sie jedoch endg\u00fcltig nicht mehr ben\u00f6tigt, k\u00f6nnt ihr den Account wie folgt l\u00f6schen:","og_url":"https:\/\/www.idoc.eu\/blog\/icloud-deaktivieren\/","og_site_name":"Blog","article_publisher":"https:\/\/www.facebook.com\/iDocEurope","article_published_time":"2020-08-26T07:30:00+00:00","article_modified_time":"2021-02-19T10:49:55+00:00","og_image":[{"width":2200,"height":1380,"url":"https:\/\/www.idoc.eu\/blog\/wp-content\/uploads\/2015\/10\/Blog-Titel-iCloud-deaktivieren_3.jpg","type":"image\/jpeg"}],"author":"christopher","twitter_misc":{"Verfasst von":"christopher","Gesch\u00e4tzte Lesezeit":"3\u00a0Minuten"},"schema":{"@context":"https:\/\/schema.org","@graph":[{"@type":"WebPage","@id":"https:\/\/www.idoc.eu\/blog\/icloud-deaktivieren\/","url":"https:\/\/www.idoc.eu\/blog\/icloud-deaktivieren\/","name":"How-to: iCloud deaktivieren oder l\u00f6schen - iDoc","isPartOf":{"@id":"https:\/\/www.idoc.eu\/blog\/#website"},"datePublished":"2020-08-26T07:30:00+00:00","dateModified":"2021-02-19T10:49:55+00:00","author":{"@id":"https:\/\/www.idoc.eu\/blog\/#\/schema\/person\/e1d72c447e68af05216b857e74264be5"},"description":"Du ben\u00f6tigst einige Funktionen der iCloud nicht mehr? Wie du deine iCloud deaktivieren oder die Apple ID komplett l\u00f6schen kannst, erf\u00e4hrst du hier \u25b6","breadcrumb":{"@id":"https:\/\/www.idoc.eu\/blog\/icloud-deaktivieren\/#breadcrumb"},"inLanguage":"de","potentialAction":[{"@type":"ReadAction","target":["https:\/\/www.idoc.eu\/blog\/icloud-deaktivieren\/"]}]},{"@type":"BreadcrumbList","@id":"https:\/\/www.idoc.eu\/blog\/icloud-deaktivieren\/#breadcrumb","itemListElement":[{"@type":"ListItem","position":1,"name":"Home","item":"https:\/\/www.idoc.eu\/blog\/"},{"@type":"ListItem","position":2,"name":"How-to: iCloud deaktivieren oder l\u00f6schen"}]},{"@type":"WebSite","@id":"https:\/\/www.idoc.eu\/blog\/#website","url":"https:\/\/www.idoc.eu\/blog\/","name":"Blog","description":"Finde Empfehlungen rund um deine Smartphone-Reparatur: von der richtigen Werkzeugauswahl, \u00fcber Tipps und Tricks f\u00fcr einen erfolgreichen Abschluss bis hin zu Reviews einzelner Smartphone-Reparaturen. Erhalte auch Software-Tipps, um dein Smartphone noch optimaler nutzen zu k\u00f6nnen.","potentialAction":[{"@type":"SearchAction","target":{"@type":"EntryPoint","urlTemplate":"https:\/\/www.idoc.eu\/blog\/?s={search_term_string}"},"query-input":"required name=search_term_string"}],"inLanguage":"de"},{"@type":"Person","@id":"https:\/\/www.idoc.eu\/blog\/#\/schema\/person\/e1d72c447e68af05216b857e74264be5","name":"christopher","image":{"@type":"ImageObject","inLanguage":"de","@id":"https:\/\/www.idoc.eu\/blog\/#\/schema\/person\/image\/","url":"https:\/\/secure.gravatar.com\/avatar\/c56cc3fabc0e5545d56d3f39fc13c9ac?s=96&d=mm&r=g","contentUrl":"https:\/\/secure.gravatar.com\/avatar\/c56cc3fabc0e5545d56d3f39fc13c9ac?s=96&d=mm&r=g","caption":"christopher"},"url":"https:\/\/www.idoc.eu\/blog\/author\/christopher\/"}]}},"_links":{"self":[{"href":"https:\/\/www.idoc.eu\/blog\/wp-json\/wp\/v2\/posts\/5403"}],"collection":[{"href":"https:\/\/www.idoc.eu\/blog\/wp-json\/wp\/v2\/posts"}],"about":[{"href":"https:\/\/www.idoc.eu\/blog\/wp-json\/wp\/v2\/types\/post"}],"author":[{"embeddable":true,"href":"https:\/\/www.idoc.eu\/blog\/wp-json\/wp\/v2\/users\/13"}],"replies":[{"embeddable":true,"href":"https:\/\/www.idoc.eu\/blog\/wp-json\/wp\/v2\/comments?post=5403"}],"version-history":[{"count":0,"href":"https:\/\/www.idoc.eu\/blog\/wp-json\/wp\/v2\/posts\/5403\/revisions"}],"wp:featuredmedia":[{"embeddable":true,"href":"https:\/\/www.idoc.eu\/blog\/wp-json\/wp\/v2\/media\/7635"}],"wp:attachment":[{"href":"https:\/\/www.idoc.eu\/blog\/wp-json\/wp\/v2\/media?parent=5403"}],"wp:term":[{"taxonomy":"category","embeddable":true,"href":"https:\/\/www.idoc.eu\/blog\/wp-json\/wp\/v2\/categories?post=5403"},{"taxonomy":"post_tag","embeddable":true,"href":"https:\/\/www.idoc.eu\/blog\/wp-json\/wp\/v2\/tags?post=5403"}],"curies":[{"name":"wp","href":"https:\/\/api.w.org\/{rel}","templated":true}]}}