{"id":5400,"date":"2015-10-19T12:47:52","date_gmt":"2015-10-19T11:47:52","guid":{"rendered":"https:\/\/www.idoc.eu\/?p=5400"},"modified":"2021-02-05T16:46:37","modified_gmt":"2021-02-05T15:46:37","slug":"smartphone-bei-kalten-tagen-schuetzen","status":"publish","type":"post","link":"https:\/\/www.idoc.eu\/blog\/smartphone-bei-kalten-tagen-schuetzen\/","title":{"rendered":"Smartphone bei kalten Tagen sch\u00fctzen"},"content":{"rendered":"<p>N\u00e4sse und K\u00e4lte halten so langsam Einzug und sind nicht nur f\u00fcr uns, sondern besonders auch f\u00fcr unsere Smartphones unsch\u00f6n. Was die h\u00e4ufigsten Probleme im Zuge sinkender Temperaturen, ihre Ursachen und L\u00f6sungsoptionen sind, erfahrt ihr bei uns.<!--more--><\/p>\n<h5>1. Der Akku<\/h5>\n<p>Je k\u00e4lter es wird, umso geringer wird die Kapazit\u00e4t des Akkus. Damit nehmen die Standby- und Gespr\u00e4chszeiten ab. In jedem Fall sollte man also seinen Akkustand im Auge behalten. Im Alltag ist es wichtig, ein Ausk\u00fchlen des Ger\u00e4tes m\u00f6glichst zu verhindern. So sollte man es bei kalten Temperaturen m\u00f6glichst selten der direkten K\u00e4lte aussetzen. Es empfiehlt sich, das Smartphone in einer H\u00fclle oder m\u00f6glichst nah am K\u00f6rper zu tragen.<br \/>\nDar\u00fcber hinaus, sollte man es so wenigen Temperaturschwankungen wie m\u00f6glich aussetzen. Wechselt die Umgebungstemperatur h\u00e4ufig, kann sich Kodenswasser bilden. Dieses kann im Inneren zu Korrosion f\u00fchren und die Funktionen somit beeintr\u00e4chtigen oder das Ger\u00e4t gar komplett zerst\u00f6ren. In jedem Fall sollte man dem Ger\u00e4t nach jedem Temperaturwechsel eine Aklimatisierungszeit g\u00f6nnen und es nicht sofort nutzen oder aufladen.<\/p>\n<h5>2. Der Touch<\/h5>\n<p>Bei K\u00e4lte tr\u00e4gt man zumeist Handschuhe. Diese sind besonders f\u00fcr die Touchfunktionen hinderlich. Denn wie viele vermuten, reagiert der Touch nicht auf mechanischen Druck, sondern verarbeitet die Ver\u00e4nderung der elektrischen Oberfl\u00e4chenspannung. Dies ist nur m\u00f6glich, wenn man den Touch mit etwas leitendem, wie etwa der Haut, ber\u00fchrt.<br \/>\nIst es also besonders kalt, bewegen sich die Fl\u00fcssigkeits-Kristalle im LCD langsamer und die Bedienung ist gegebenenfalls verz\u00f6gert.<\/p>\n<h5>3. N\u00e4sse<\/h5>\n<p>Besonders riskant ist N\u00e4sse. F\u00e4llt einem das Smartphone beispielsweise in den Schnee oder eine Pf\u00fctze, so sollte man sofort reagieren und das Ger\u00e4t ausschalten. Genaue Tipps findet ihr in unserem <a href=\"https:\/\/www.idoc.eu\/blog\/dein-smartphone-ist-ins-wasser-gefallen\/\" target=\"_blank\" rel=\"noopener noreferrer\">Beitrag zum Thema Wasserschaden<\/a>. In jedem Fall sollte man das Ger\u00e4t nicht versuchen mit einem F\u00f6hn oder \u00e4hnlichem zu trocknen.<\/p>\n<p>Seht ihr noch weitere T\u00fccken des Winters? Dann freuen wir uns auf eure Kommentare.<\/p>\n","protected":false},"excerpt":{"rendered":"<p>N\u00e4sse und K\u00e4lte halten so langsam Einzug und sind nicht nur f\u00fcr uns, sondern besonders auch f\u00fcr unsere Smartphones unsch\u00f6n. Was die h\u00e4ufigsten Probleme im Zuge sinkender Temperaturen, ihre Ursachen und L\u00f6sungsoptionen sind, erfahrt ihr bei uns.<\/p>\n","protected":false},"author":13,"featured_media":5401,"comment_status":"open","ping_status":"open","sticky":false,"template":"","format":"standard","meta":[],"categories":[825],"tags":[1737,1717,1725,1723,1724,1719,1728],"acf":[],"yoast_head":"<!-- This site is optimized with the Yoast SEO plugin v19.8 - https:\/\/yoast.com\/wordpress\/plugins\/seo\/ -->\n<title>Smartphone bei kalten Tagen sch\u00fctzen - iDoc<\/title>\n<meta name=\"description\" content=\"Die kalten Tage stehen an. Wie ihr euer Smartphone davor sch\u00fctzt, erfahrt ihr im Beitrag:\" \/>\n<meta name=\"robots\" content=\"index, follow, max-snippet:-1, max-image-preview:large, max-video-preview:-1\" \/>\n<link rel=\"canonical\" href=\"https:\/\/www.idoc.eu\/blog\/smartphone-bei-kalten-tagen-schuetzen\/\" \/>\n<meta property=\"og:locale\" content=\"de_DE\" \/>\n<meta property=\"og:type\" content=\"article\" \/>\n<meta property=\"og:title\" content=\"Smartphone bei kalten Tagen sch\u00fctzen\" \/>\n<meta property=\"og:description\" content=\"Die kalten Tage stehen an. Wie ihr euer Smartphone davor sch\u00fctzt, erfahrt ihr im Beitrag:\" \/>\n<meta property=\"og:url\" content=\"https:\/\/www.idoc.eu\/blog\/smartphone-bei-kalten-tagen-schuetzen\/\" \/>\n<meta property=\"og:site_name\" content=\"Blog\" \/>\n<meta property=\"article:publisher\" content=\"https:\/\/www.facebook.com\/iDocEurope\" \/>\n<meta property=\"article:published_time\" content=\"2015-10-19T11:47:52+00:00\" \/>\n<meta property=\"article:modified_time\" content=\"2021-02-05T15:46:37+00:00\" \/>\n<meta property=\"og:image\" content=\"https:\/\/www.idoc.eu\/blog\/wp-content\/uploads\/2015\/10\/smartphone-bei-kalten-tagen-sch\u00fctzen.jpg\" \/>\n\t<meta property=\"og:image:width\" content=\"1651\" \/>\n\t<meta property=\"og:image:height\" content=\"1032\" \/>\n\t<meta property=\"og:image:type\" content=\"image\/jpeg\" \/>\n<meta name=\"author\" content=\"christopher\" \/>\n<meta name=\"twitter:label1\" content=\"Verfasst von\" \/>\n\t<meta name=\"twitter:data1\" content=\"christopher\" \/>\n\t<meta name=\"twitter:label2\" content=\"Gesch\u00e4tzte Lesezeit\" \/>\n\t<meta name=\"twitter:data2\" content=\"2\u00a0Minuten\" \/>\n<script type=\"application\/ld+json\" class=\"yoast-schema-graph\">{\"@context\":\"https:\/\/schema.org\",\"@graph\":[{\"@type\":\"WebPage\",\"@id\":\"https:\/\/www.idoc.eu\/blog\/smartphone-bei-kalten-tagen-schuetzen\/\",\"url\":\"https:\/\/www.idoc.eu\/blog\/smartphone-bei-kalten-tagen-schuetzen\/\",\"name\":\"Smartphone bei kalten Tagen sch\u00fctzen - iDoc\",\"isPartOf\":{\"@id\":\"https:\/\/www.idoc.eu\/blog\/#website\"},\"datePublished\":\"2015-10-19T11:47:52+00:00\",\"dateModified\":\"2021-02-05T15:46:37+00:00\",\"author\":{\"@id\":\"https:\/\/www.idoc.eu\/blog\/#\/schema\/person\/e1d72c447e68af05216b857e74264be5\"},\"description\":\"Die kalten Tage stehen an. Wie ihr euer Smartphone davor sch\u00fctzt, erfahrt ihr im Beitrag:\",\"breadcrumb\":{\"@id\":\"https:\/\/www.idoc.eu\/blog\/smartphone-bei-kalten-tagen-schuetzen\/#breadcrumb\"},\"inLanguage\":\"de\",\"potentialAction\":[{\"@type\":\"ReadAction\",\"target\":[\"https:\/\/www.idoc.eu\/blog\/smartphone-bei-kalten-tagen-schuetzen\/\"]}]},{\"@type\":\"BreadcrumbList\",\"@id\":\"https:\/\/www.idoc.eu\/blog\/smartphone-bei-kalten-tagen-schuetzen\/#breadcrumb\",\"itemListElement\":[{\"@type\":\"ListItem\",\"position\":1,\"name\":\"Home\",\"item\":\"https:\/\/www.idoc.eu\/blog\/\"},{\"@type\":\"ListItem\",\"position\":2,\"name\":\"Smartphone bei kalten Tagen sch\u00fctzen\"}]},{\"@type\":\"WebSite\",\"@id\":\"https:\/\/www.idoc.eu\/blog\/#website\",\"url\":\"https:\/\/www.idoc.eu\/blog\/\",\"name\":\"Blog\",\"description\":\"Finde Empfehlungen rund um deine Smartphone-Reparatur: von der richtigen Werkzeugauswahl, \u00fcber Tipps und Tricks f\u00fcr einen erfolgreichen Abschluss bis hin zu Reviews einzelner Smartphone-Reparaturen. Erhalte auch Software-Tipps, um dein Smartphone noch optimaler nutzen zu k\u00f6nnen.\",\"potentialAction\":[{\"@type\":\"SearchAction\",\"target\":{\"@type\":\"EntryPoint\",\"urlTemplate\":\"https:\/\/www.idoc.eu\/blog\/?s={search_term_string}\"},\"query-input\":\"required name=search_term_string\"}],\"inLanguage\":\"de\"},{\"@type\":\"Person\",\"@id\":\"https:\/\/www.idoc.eu\/blog\/#\/schema\/person\/e1d72c447e68af05216b857e74264be5\",\"name\":\"christopher\",\"image\":{\"@type\":\"ImageObject\",\"inLanguage\":\"de\",\"@id\":\"https:\/\/www.idoc.eu\/blog\/#\/schema\/person\/image\/\",\"url\":\"https:\/\/secure.gravatar.com\/avatar\/c56cc3fabc0e5545d56d3f39fc13c9ac?s=96&d=mm&r=g\",\"contentUrl\":\"https:\/\/secure.gravatar.com\/avatar\/c56cc3fabc0e5545d56d3f39fc13c9ac?s=96&d=mm&r=g\",\"caption\":\"christopher\"},\"url\":\"https:\/\/www.idoc.eu\/blog\/author\/christopher\/\"}]}<\/script>\n<!-- \/ Yoast SEO plugin. -->","yoast_head_json":{"title":"Smartphone bei kalten Tagen sch\u00fctzen - iDoc","description":"Die kalten Tage stehen an. Wie ihr euer Smartphone davor sch\u00fctzt, erfahrt ihr im Beitrag:","robots":{"index":"index","follow":"follow","max-snippet":"max-snippet:-1","max-image-preview":"max-image-preview:large","max-video-preview":"max-video-preview:-1"},"canonical":"https:\/\/www.idoc.eu\/blog\/smartphone-bei-kalten-tagen-schuetzen\/","og_locale":"de_DE","og_type":"article","og_title":"Smartphone bei kalten Tagen sch\u00fctzen","og_description":"Die kalten Tage stehen an. Wie ihr euer Smartphone davor sch\u00fctzt, erfahrt ihr im Beitrag:","og_url":"https:\/\/www.idoc.eu\/blog\/smartphone-bei-kalten-tagen-schuetzen\/","og_site_name":"Blog","article_publisher":"https:\/\/www.facebook.com\/iDocEurope","article_published_time":"2015-10-19T11:47:52+00:00","article_modified_time":"2021-02-05T15:46:37+00:00","og_image":[{"width":1651,"height":1032,"url":"https:\/\/www.idoc.eu\/blog\/wp-content\/uploads\/2015\/10\/smartphone-bei-kalten-tagen-sch\u00fctzen.jpg","type":"image\/jpeg"}],"author":"christopher","twitter_misc":{"Verfasst von":"christopher","Gesch\u00e4tzte Lesezeit":"2\u00a0Minuten"},"schema":{"@context":"https:\/\/schema.org","@graph":[{"@type":"WebPage","@id":"https:\/\/www.idoc.eu\/blog\/smartphone-bei-kalten-tagen-schuetzen\/","url":"https:\/\/www.idoc.eu\/blog\/smartphone-bei-kalten-tagen-schuetzen\/","name":"Smartphone bei kalten Tagen sch\u00fctzen - iDoc","isPartOf":{"@id":"https:\/\/www.idoc.eu\/blog\/#website"},"datePublished":"2015-10-19T11:47:52+00:00","dateModified":"2021-02-05T15:46:37+00:00","author":{"@id":"https:\/\/www.idoc.eu\/blog\/#\/schema\/person\/e1d72c447e68af05216b857e74264be5"},"description":"Die kalten Tage stehen an. Wie ihr euer Smartphone davor sch\u00fctzt, erfahrt ihr im Beitrag:","breadcrumb":{"@id":"https:\/\/www.idoc.eu\/blog\/smartphone-bei-kalten-tagen-schuetzen\/#breadcrumb"},"inLanguage":"de","potentialAction":[{"@type":"ReadAction","target":["https:\/\/www.idoc.eu\/blog\/smartphone-bei-kalten-tagen-schuetzen\/"]}]},{"@type":"BreadcrumbList","@id":"https:\/\/www.idoc.eu\/blog\/smartphone-bei-kalten-tagen-schuetzen\/#breadcrumb","itemListElement":[{"@type":"ListItem","position":1,"name":"Home","item":"https:\/\/www.idoc.eu\/blog\/"},{"@type":"ListItem","position":2,"name":"Smartphone bei kalten Tagen sch\u00fctzen"}]},{"@type":"WebSite","@id":"https:\/\/www.idoc.eu\/blog\/#website","url":"https:\/\/www.idoc.eu\/blog\/","name":"Blog","description":"Finde Empfehlungen rund um deine Smartphone-Reparatur: von der richtigen Werkzeugauswahl, \u00fcber Tipps und Tricks f\u00fcr einen erfolgreichen Abschluss bis hin zu Reviews einzelner Smartphone-Reparaturen. Erhalte auch Software-Tipps, um dein Smartphone noch optimaler nutzen zu k\u00f6nnen.","potentialAction":[{"@type":"SearchAction","target":{"@type":"EntryPoint","urlTemplate":"https:\/\/www.idoc.eu\/blog\/?s={search_term_string}"},"query-input":"required name=search_term_string"}],"inLanguage":"de"},{"@type":"Person","@id":"https:\/\/www.idoc.eu\/blog\/#\/schema\/person\/e1d72c447e68af05216b857e74264be5","name":"christopher","image":{"@type":"ImageObject","inLanguage":"de","@id":"https:\/\/www.idoc.eu\/blog\/#\/schema\/person\/image\/","url":"https:\/\/secure.gravatar.com\/avatar\/c56cc3fabc0e5545d56d3f39fc13c9ac?s=96&d=mm&r=g","contentUrl":"https:\/\/secure.gravatar.com\/avatar\/c56cc3fabc0e5545d56d3f39fc13c9ac?s=96&d=mm&r=g","caption":"christopher"},"url":"https:\/\/www.idoc.eu\/blog\/author\/christopher\/"}]}},"_links":{"self":[{"href":"https:\/\/www.idoc.eu\/blog\/wp-json\/wp\/v2\/posts\/5400"}],"collection":[{"href":"https:\/\/www.idoc.eu\/blog\/wp-json\/wp\/v2\/posts"}],"about":[{"href":"https:\/\/www.idoc.eu\/blog\/wp-json\/wp\/v2\/types\/post"}],"author":[{"embeddable":true,"href":"https:\/\/www.idoc.eu\/blog\/wp-json\/wp\/v2\/users\/13"}],"replies":[{"embeddable":true,"href":"https:\/\/www.idoc.eu\/blog\/wp-json\/wp\/v2\/comments?post=5400"}],"version-history":[{"count":0,"href":"https:\/\/www.idoc.eu\/blog\/wp-json\/wp\/v2\/posts\/5400\/revisions"}],"wp:featuredmedia":[{"embeddable":true,"href":"https:\/\/www.idoc.eu\/blog\/wp-json\/wp\/v2\/media\/5401"}],"wp:attachment":[{"href":"https:\/\/www.idoc.eu\/blog\/wp-json\/wp\/v2\/media?parent=5400"}],"wp:term":[{"taxonomy":"category","embeddable":true,"href":"https:\/\/www.idoc.eu\/blog\/wp-json\/wp\/v2\/categories?post=5400"},{"taxonomy":"post_tag","embeddable":true,"href":"https:\/\/www.idoc.eu\/blog\/wp-json\/wp\/v2\/tags?post=5400"}],"curies":[{"name":"wp","href":"https:\/\/api.w.org\/{rel}","templated":true}]}}